{"id":29148,"date":"2015-04-09T20:13:20","date_gmt":"2015-04-09T17:13:20","guid":{"rendered":"http:\/\/www.sana.sy\/tr\/?p=29148"},"modified":"2015-04-09T20:13:20","modified_gmt":"2015-04-09T17:13:20","slug":"suriye-hukumetinin-destegi-ile-insani-yardim-yuksek-komitesi-ve-suriye-kizilay-orgutu-sam-kirsalinin-guneyi-yelda-babbila-ve-beyt-sahm-beldelerine-insani-yardim-tasiyan-18-kamyon-gecirildi-%e2%80%8f","status":"publish","type":"post","link":"https:\/\/archive.sana.sy\/tr\/?p=29148","title":{"rendered":"Suriye h\u00fck\u00fcmetinin deste\u011fi ile \u0130nsani Yard\u0131m Y\u00fcksek Komitesi ve Suriye K\u0131z\u0131lay \u00d6rg\u00fct\u00fc \u015eam k\u0131rsal\u0131n\u0131n g\u00fcneyi Yelda, Babbila ve Beyt Sahm beldelerine insani yard\u0131m ta\u015f\u0131yan 18 kamyon ge\u00e7irildi.\u200f"},"content":{"rendered":"<p>Suriye h\u00fck\u00fcmetinin deste\u011fi ile \u0130nsani Yard\u0131m Y\u00fcksek Komitesi ve Suriye K\u0131z\u0131lay \u00d6rg\u00fct\u00fc \u015eam k\u0131rsal\u0131n\u0131n g\u00fcneyi Yelda, Babbila ve Beyt Sahm beldelerine insani yard\u0131m ta\u015f\u0131yan 18 kamyon ge\u00e7irildi.\u200f<\/p>\n","protected":false},"excerpt":{"rendered":"<p>Suriye h\u00fck\u00fcmetinin deste\u011fi ile \u0130nsani Yard\u0131m Y\u00fcksek Komitesi ve Suriye K\u0131z\u0131lay \u00d6rg\u00fct\u00fc \u015eam k\u0131rsal\u0131n\u0131n g\u00fcneyi Yelda, Babbila ve Beyt Sahm beldelerine insani yard\u0131m ta\u015f\u0131yan 18 kamyon ge\u00e7irildi.\u200f<\/p>\n","protected":false},"author":1,"featured_media":0,"comment_status":"closed","ping_status":"closed","sticky":false,"template":"","format":"standard","meta":{"footnotes":""},"categories":[1],"tags":[13486,13485],"class_list":["post-29148","post","type-post","status-publish","format-standard","","category-news-not-sorted","tag-babbila-ve-beyt-sahm-beldelerine-insani-yardim-tasiyan-18-kamyon-gecirildi-","tag-suriye-hukumetinin-destegi-ile-insani-yardim-yuksek-komitesi-ve-suriye-kizilay-orgutu-sam-kirsalinin-guneyi-yelda"],"_links":{"self":[{"href":"https:\/\/archive.sana.sy\/tr\/index.php?rest_route=\/wp\/v2\/posts\/29148","targetHints":{"allow":["GET"]}}],"collection":[{"href":"https:\/\/archive.sana.sy\/tr\/index.php?rest_route=\/wp\/v2\/posts"}],"about":[{"href":"https:\/\/archive.sana.sy\/tr\/index.php?rest_route=\/wp\/v2\/types\/post"}],"author":[{"embeddable":true,"href":"https:\/\/archive.sana.sy\/tr\/index.php?rest_route=\/wp\/v2\/users\/1"}],"replies":[{"embeddable":true,"href":"https:\/\/archive.sana.sy\/tr\/index.php?rest_route=%2Fwp%2Fv2%2Fcomments&post=29148"}],"version-history":[{"count":0,"href":"https:\/\/archive.sana.sy\/tr\/index.php?rest_route=\/wp\/v2\/posts\/29148\/revisions"}],"wp:attachment":[{"href":"https:\/\/archive.sana.sy\/tr\/index.php?rest_route=%2Fwp%2Fv2%2Fmedia&parent=29148"}],"wp:term":[{"taxonomy":"category","embeddable":true,"href":"https:\/\/archive.sana.sy\/tr\/index.php?rest_route=%2Fwp%2Fv2%2Fcategories&post=29148"},{"taxonomy":"post_tag","embeddable":true,"href":"https:\/\/archive.sana.sy\/tr\/index.php?rest_route=%2Fwp%2Fv2%2Ftags&post=29148"}],"curies":[{"name":"wp","href":"https:\/\/api.w.org\/{rel}","templated":true}]}}