{"id":291557,"date":"2023-11-08T13:06:37","date_gmt":"2023-11-08T10:06:37","guid":{"rendered":"https:\/\/sana.sy\/tr\/?p=291557"},"modified":"2023-11-09T08:11:22","modified_gmt":"2023-11-09T05:11:22","slug":"islami-dunya-gazzedeki-katliamlara-iliskin-sessizligini-bozmali","status":"publish","type":"post","link":"https:\/\/archive.sana.sy\/tr\/?p=291557","title":{"rendered":"\u0130slami: D\u00fcnya Gazze&#8217;deki Katliamlara \u0130li\u015fkin Sessizli\u011fini Bozmal\u0131"},"content":{"rendered":"<p style=\"text-align: justify;\"><strong>TAHRAN 08 KASIM (SANA)<\/strong> &#8211; \u0130ran Atom Enerjisi Kurumu Ba\u015fkan\u0131 Muhammed \u0130slami, \u0130srail yetkililerinin Gazze&#8217;de n\u00fckleer silah kullanma tehdidine ili\u015fkin a\u00e7\u0131klamalar\u0131n\u0131 t\u00fcm d\u00fcnyan\u0131n k\u0131namas\u0131 gerekti\u011fini vurgulad\u0131.<\/p>\n<p style=\"text-align: justify;\">\u0130slami, \u0130ran Haber Ajans\u0131&#8217;na (IRNA) yapt\u0131\u011f\u0131 \u00f6zel a\u00e7\u0131klamada, i\u015fgalci taraftaki bir bakan\u0131n Gazze&#8217;deki masum insanlara kar\u015f\u0131 n\u00fckleer silah kullanma tehdidine ili\u015fkin \u015funlar\u0131 s\u00f6yledi: \u201cSiyonist yap\u0131dan bir yetkili bir kez daha n\u00fckleer silahlara sahip oldu\u011funu itiraf etti&#8230; Daha da \u00f6nemlisi, Gazze&#8217;nin mazlum halk\u0131n\u0131 tehdit ederek uluslararas\u0131 hukukun en temel ilkelerine ve Birle\u015fmi\u015f Milletler \u015eart\u0131&#8217;na meydan okudu.\u201d<\/p>\n<p style=\"text-align: justify;\">\u0130slami ayr\u0131ca, &#8220;Baz\u0131 h\u00fck\u00fcmetler bu eylemi k\u0131nay\u0131p k\u0131nasa da, ba\u015fta Birle\u015fmi\u015f Milletler olmak \u00fczere uluslararas\u0131 kurulu\u015flar\u0131n suskunlu\u011funu bozmas\u0131n\u0131n zaman\u0131 geldi&#8221; diyerek, \u0644\u0627u ajans\u0131n yap\u0131sal do\u011fas\u0131 ve kendisine atanan g\u00f6revler g\u00f6z \u00f6n\u00fcne al\u0131nd\u0131\u011f\u0131nda, Uluslararas\u0131 Atom Enerji Ajans\u0131&#8217;n\u0131n, \u00f6zellikle bu ajans\u0131n genel m\u00fcd\u00fcr\u00fcn\u00fcn, bu alanda ba\u011f\u0131ms\u0131z ve gayretli bir yakla\u015f\u0131m benimsemesinin gerekli oldu\u011funa dikkat \u00e7ekti.<\/p>\n<p style=\"text-align: justify;\">\u0130slami a\u00e7\u0131klamas\u0131nda da, \u00f6rg\u00fct\u00fcn Birle\u015fmi\u015f Milletler T\u00fcz\u00fc\u011f\u00fc&#8217;n\u00fcn ilke ve hedefleriyle \u00e7eli\u015fen bu tehditleri k\u0131namas\u0131 ve bu sahte olu\u015fumun n\u00fckleer silah kullanma tehdidinin sonu\u00e7lar\u0131n\u0131 duyurmas\u0131 gerekti\u011fine i\u015faret etti.<\/p>\n<p style=\"text-align: center;\"><strong><a href=\"https:\/\/t.me\/SuriyeArapHaberAjansI\">Telegram Kanal\u0131m\u0131z\u00a0<\/a>||<a href=\"https:\/\/twitter.com\/arap_ajans\">X Platformumuz\u00a0<\/a>||<a href=\"https:\/\/www.facebook.com\/SANAHaberAjansi\/\">Facebook Sayfam\u0131z<\/a><\/strong><\/p>\n","protected":false},"excerpt":{"rendered":"<p>TAHRAN 08 KASIM (SANA) &#8211; \u0130ran Atom Enerjisi Kurumu Ba\u015fkan\u0131 Muhammed \u0130slami, \u0130srail yetkililerinin Gazze&#8217;de n\u00fckleer silah kullanma tehdidine ili\u015fkin a\u00e7\u0131klamalar\u0131n\u0131 t\u00fcm d\u00fcnyan\u0131n k\u0131namas\u0131 gerekti\u011fini vurgulad\u0131. \u0130slami, \u0130ran Haber Ajans\u0131&#8217;na (IRNA) yapt\u0131\u011f\u0131 \u00f6zel a\u00e7\u0131klamada, i\u015fgalci taraftaki bir bakan\u0131n Gazze&#8217;deki masum insanlara kar\u015f\u0131 n\u00fckleer silah kullanma tehdidine ili\u015fkin \u015funlar\u0131 s\u00f6yledi: \u201cSiyonist yap\u0131dan bir yetkili bir kez &hellip;<\/p>\n","protected":false},"author":36,"featured_media":291558,"comment_status":"closed","ping_status":"closed","sticky":false,"template":"","format":"standard","meta":{"footnotes":""},"categories":[458,459,17988],"tags":[],"class_list":["post-291557","post","type-post","status-publish","format-standard","has-post-thumbnail","","category-dunya1","category-haberler-arap-uluslararasi-politika","category-son-haberler"],"_links":{"self":[{"href":"https:\/\/archive.sana.sy\/tr\/index.php?rest_route=\/wp\/v2\/posts\/291557","targetHints":{"allow":["GET"]}}],"collection":[{"href":"https:\/\/archive.sana.sy\/tr\/index.php?rest_route=\/wp\/v2\/posts"}],"about":[{"href":"https:\/\/archive.sana.sy\/tr\/index.php?rest_route=\/wp\/v2\/types\/post"}],"author":[{"embeddable":true,"href":"https:\/\/archive.sana.sy\/tr\/index.php?rest_route=\/wp\/v2\/users\/36"}],"replies":[{"embeddable":true,"href":"https:\/\/archive.sana.sy\/tr\/index.php?rest_route=%2Fwp%2Fv2%2Fcomments&post=291557"}],"version-history":[{"count":2,"href":"https:\/\/archive.sana.sy\/tr\/index.php?rest_route=\/wp\/v2\/posts\/291557\/revisions"}],"predecessor-version":[{"id":291573,"href":"https:\/\/archive.sana.sy\/tr\/index.php?rest_route=\/wp\/v2\/posts\/291557\/revisions\/291573"}],"wp:featuredmedia":[{"embeddable":true,"href":"https:\/\/archive.sana.sy\/tr\/index.php?rest_route=\/wp\/v2\/media\/291558"}],"wp:attachment":[{"href":"https:\/\/archive.sana.sy\/tr\/index.php?rest_route=%2Fwp%2Fv2%2Fmedia&parent=291557"}],"wp:term":[{"taxonomy":"category","embeddable":true,"href":"https:\/\/archive.sana.sy\/tr\/index.php?rest_route=%2Fwp%2Fv2%2Fcategories&post=291557"},{"taxonomy":"post_tag","embeddable":true,"href":"https:\/\/archive.sana.sy\/tr\/index.php?rest_route=%2Fwp%2Fv2%2Ftags&post=291557"}],"curies":[{"name":"wp","href":"https:\/\/api.w.org\/{rel}","templated":true}]}}