{"id":291560,"date":"2023-11-08T13:15:20","date_gmt":"2023-11-08T10:15:20","guid":{"rendered":"https:\/\/sana.sy\/tr\/?p=291560"},"modified":"2023-11-09T08:11:28","modified_gmt":"2023-11-09T05:11:28","slug":"isgal-guclerinin-bati-seriadaki-bolgelere-yonelik-baskinlarinda-bir-filistinli-yaralandi-52-kisi-tutuklandi","status":"publish","type":"post","link":"https:\/\/archive.sana.sy\/tr\/?p=291560","title":{"rendered":"\u0130\u015fgal G\u00fc\u00e7lerinin Bat\u0131 \u015eeria&#8217;daki B\u00f6lgelere Y\u00f6nelik Bask\u0131nlar\u0131nda Bir Filistinli Yaraland\u0131, 52 Ki\u015fi Tutukland\u0131"},"content":{"rendered":"<p style=\"text-align: justify;\"><strong>\u0130\u015eGAL ED\u0130LEN KUD\u00dcS 08 KASIM (SANA)<\/strong> &#8211; \u0130srail i\u015fgal g\u00fc\u00e7lerinin Bat\u0131 \u015eeria&#8217;daki b\u00f6lgelere d\u00fczenledi\u011fi bask\u0131nlarda bir Filistinli yaraland\u0131, 52 ki\u015fi tutukland\u0131.<\/p>\n<p style=\"text-align: justify;\">WAFA Ajans\u0131, i\u015fgal g\u00fc\u00e7lerinin Ramallah&#8217;taki Birzeit \u00dcniversitesi&#8217;ne alt\u0131 askeri ara\u00e7la bask\u0131n d\u00fczenledi\u011fini ve Filistinli genci vurarak yaralad\u0131\u011f\u0131n\u0131 bildirdi.<\/p>\n<p style=\"text-align: justify;\">\u00c7ok say\u0131da i\u015fgal g\u00fcc\u00fc, i\u015fgal alt\u0131ndaki Kud\u00fcs&#8217;\u00fcn kuzeyindeki \u015euafat Kamp\u0131&#8217;na bask\u0131n d\u00fczenleyerek t\u00fcm giri\u015fleri kapatt\u0131 ve Filistinlilerin buraya ta\u015f\u0131nmas\u0131n\u0131 engelledi ve 14 ya\u015f\u0131ndaki tutuklu Muhammed El Zalbani&#8217;nin evini ku\u015fatt\u0131lar, ailesini zorla d\u0131\u015far\u0131 \u00e7\u0131kard\u0131lar ve evi havaya u\u00e7urdular.<\/p>\n<p style=\"text-align: center;\"><strong><a href=\"https:\/\/t.me\/SuriyeArapHaberAjansI\">Telegram Kanal\u0131m\u0131z\u00a0<\/a>||<a href=\"https:\/\/twitter.com\/arap_ajans\">X Platformumuz\u00a0<\/a>||<a href=\"https:\/\/www.facebook.com\/SANAHaberAjansi\/\">Facebook Sayfam\u0131z<\/a><\/strong><\/p>\n","protected":false},"excerpt":{"rendered":"<p>\u0130\u015eGAL ED\u0130LEN KUD\u00dcS 08 KASIM (SANA) &#8211; \u0130srail i\u015fgal g\u00fc\u00e7lerinin Bat\u0131 \u015eeria&#8217;daki b\u00f6lgelere d\u00fczenledi\u011fi bask\u0131nlarda bir Filistinli yaraland\u0131, 52 ki\u015fi tutukland\u0131. WAFA Ajans\u0131, i\u015fgal g\u00fc\u00e7lerinin Ramallah&#8217;taki Birzeit \u00dcniversitesi&#8217;ne alt\u0131 askeri ara\u00e7la bask\u0131n d\u00fczenledi\u011fini ve Filistinli genci vurarak yaralad\u0131\u011f\u0131n\u0131 bildirdi. \u00c7ok say\u0131da i\u015fgal g\u00fcc\u00fc, i\u015fgal alt\u0131ndaki Kud\u00fcs&#8217;\u00fcn kuzeyindeki \u015euafat Kamp\u0131&#8217;na bask\u0131n d\u00fczenleyerek t\u00fcm giri\u015fleri kapatt\u0131 ve &hellip;<\/p>\n","protected":false},"author":36,"featured_media":291561,"comment_status":"closed","ping_status":"closed","sticky":false,"template":"","format":"standard","meta":{"footnotes":""},"categories":[458,459,17988],"tags":[],"class_list":["post-291560","post","type-post","status-publish","format-standard","has-post-thumbnail","","category-dunya1","category-haberler-arap-uluslararasi-politika","category-son-haberler"],"_links":{"self":[{"href":"https:\/\/archive.sana.sy\/tr\/index.php?rest_route=\/wp\/v2\/posts\/291560","targetHints":{"allow":["GET"]}}],"collection":[{"href":"https:\/\/archive.sana.sy\/tr\/index.php?rest_route=\/wp\/v2\/posts"}],"about":[{"href":"https:\/\/archive.sana.sy\/tr\/index.php?rest_route=\/wp\/v2\/types\/post"}],"author":[{"embeddable":true,"href":"https:\/\/archive.sana.sy\/tr\/index.php?rest_route=\/wp\/v2\/users\/36"}],"replies":[{"embeddable":true,"href":"https:\/\/archive.sana.sy\/tr\/index.php?rest_route=%2Fwp%2Fv2%2Fcomments&post=291560"}],"version-history":[{"count":3,"href":"https:\/\/archive.sana.sy\/tr\/index.php?rest_route=\/wp\/v2\/posts\/291560\/revisions"}],"predecessor-version":[{"id":291574,"href":"https:\/\/archive.sana.sy\/tr\/index.php?rest_route=\/wp\/v2\/posts\/291560\/revisions\/291574"}],"wp:featuredmedia":[{"embeddable":true,"href":"https:\/\/archive.sana.sy\/tr\/index.php?rest_route=\/wp\/v2\/media\/291561"}],"wp:attachment":[{"href":"https:\/\/archive.sana.sy\/tr\/index.php?rest_route=%2Fwp%2Fv2%2Fmedia&parent=291560"}],"wp:term":[{"taxonomy":"category","embeddable":true,"href":"https:\/\/archive.sana.sy\/tr\/index.php?rest_route=%2Fwp%2Fv2%2Fcategories&post=291560"},{"taxonomy":"post_tag","embeddable":true,"href":"https:\/\/archive.sana.sy\/tr\/index.php?rest_route=%2Fwp%2Fv2%2Ftags&post=291560"}],"curies":[{"name":"wp","href":"https:\/\/api.w.org\/{rel}","templated":true}]}}