{"id":291564,"date":"2023-11-08T12:09:39","date_gmt":"2023-11-08T09:09:39","guid":{"rendered":"https:\/\/sana.sy\/tr\/?p=291564"},"modified":"2023-11-09T08:11:13","modified_gmt":"2023-11-09T05:11:13","slug":"isgalci-gazzeye-yonelik-imha-savasini-33uncu-gununde-surduruyor-onlarca-sehit-ve-yarali","status":"publish","type":"post","link":"https:\/\/archive.sana.sy\/tr\/?p=291564","title":{"rendered":"\u0130\u015fgalci Gazze&#8217;ye Y\u00f6nelik \u0130mha Sava\u015f\u0131n\u0131 33&#8217;\u00fcnc\u00fc G\u00fcn\u00fcnde S\u00fcrd\u00fcr\u00fcyor: Onlarca \u015eehit Ve Yaral\u0131"},"content":{"rendered":"<p style=\"text-align: justify;\"><strong>\u0130\u015eGAL ED\u0130LEN KUD\u00dcS 08 KASIM (SANA)<\/strong> &#8211; Ku\u015fatma nedeniyle a\u011f\u0131rla\u015fan insani felaketin ortas\u0131nda, \u0130srail i\u015fgalinin ku\u015fatma alt\u0131ndaki Gazze \u015eeridi&#8217;ne y\u00f6nelik otuz \u00fc\u00e7\u00fcnc\u00fc g\u00fcn\u00fcnde de devam eden sald\u0131r\u0131lar\u0131 sonucunda bug\u00fcn onlarca Filistinli \u015fehit oldu ve yaraland\u0131.<\/p>\n<p style=\"text-align: justify;\">Filistin medyas\u0131, &#8221;\u0130\u015fgal u\u00e7aklar\u0131n\u0131n Gazze \u015eeridi&#8217;ndeki bir\u00e7ok mahalleye d\u00fczenledi\u011fi bir dizi bask\u0131n, onlarca Filistinlinin \u00f6l\u00fcm\u00fcne ve yaralanmas\u0131na yol a\u00e7t\u0131; bunlar\u0131n bir k\u0131sm\u0131 h\u00e2l\u00e2 enkaz alt\u0131nda&#8221; dedi.<\/p>\n<p style=\"text-align: justify;\">\u0130\u015fgal g\u00fc\u00e7leri, Gazze&#8217;nin bat\u0131s\u0131nda yerlerinden edilmi\u015f insanlar\u0131n bulundu\u011fu bir okulu toplarla bombalad\u0131 ve \u00e7ok say\u0131da Filistinliyi yaralad\u0131.<\/p>\n<p style=\"text-align: justify;\">Gazze \u015eeridi&#8217;nde hizmet veren hastaneler yaral\u0131lara bak\u0131m sa\u011flayam\u0131yor. Bu ba\u011flamda Sekt\u00f6rdeki hastanelerin m\u00fcd\u00fcr\u00fc Muhammed Zagut, &#8220;\u0130\u015fgalin bombalamas\u0131 ve akaryak\u0131t kayb\u0131 sonucu 18 hastane hizmet d\u0131\u015f\u0131 kald\u0131, geri kalan hastanelerde ise durum felakettir, ila\u00e7 ve g\u0131da malzemesinin bulunmamas\u0131 \u015feklinde tarif edilemez&#8221; dedi.<\/p>\n<p style=\"text-align: justify;\">Gazze ve kuzeyindeki t\u00fcm f\u0131r\u0131nlar, i\u015fgal bombard\u0131man\u0131, un ve yak\u0131t s\u0131k\u0131nt\u0131s\u0131 nedeniyle \u00e7al\u0131\u015fmay\u0131 durdurdu.<\/p>\n<p style=\"text-align: justify;\">\u0130\u015fgalin Gazze \u015eeridi&#8217;ne y\u00f6nelik devam eden sald\u0131rganl\u0131\u011f\u0131 sonucunda 10.300&#8217;den fazla Filistinli \u015fehit oldu, yakla\u015f\u0131k 26.000 ki\u015fi de yaraland\u0131.<\/p>\n<p style=\"text-align: center;\"><strong><a href=\"https:\/\/t.me\/SuriyeArapHaberAjansI\">Telegram Kanal\u0131m\u0131z\u00a0<\/a>||<a href=\"https:\/\/twitter.com\/arap_ajans\">X Platformumuz\u00a0<\/a>||<a href=\"https:\/\/www.facebook.com\/SANAHaberAjansi\/\">Facebook Sayfam\u0131z<\/a><\/strong><\/p>\n","protected":false},"excerpt":{"rendered":"<p>\u0130\u015eGAL ED\u0130LEN KUD\u00dcS 08 KASIM (SANA) &#8211; Ku\u015fatma nedeniyle a\u011f\u0131rla\u015fan insani felaketin ortas\u0131nda, \u0130srail i\u015fgalinin ku\u015fatma alt\u0131ndaki Gazze \u015eeridi&#8217;ne y\u00f6nelik otuz \u00fc\u00e7\u00fcnc\u00fc g\u00fcn\u00fcnde de devam eden sald\u0131r\u0131lar\u0131 sonucunda bug\u00fcn onlarca Filistinli \u015fehit oldu ve yaraland\u0131. Filistin medyas\u0131, &#8221;\u0130\u015fgal u\u00e7aklar\u0131n\u0131n Gazze \u015eeridi&#8217;ndeki bir\u00e7ok mahalleye d\u00fczenledi\u011fi bir dizi bask\u0131n, onlarca Filistinlinin \u00f6l\u00fcm\u00fcne ve yaralanmas\u0131na yol a\u00e7t\u0131; bunlar\u0131n &hellip;<\/p>\n","protected":false},"author":36,"featured_media":291565,"comment_status":"closed","ping_status":"closed","sticky":false,"template":"","format":"standard","meta":{"footnotes":""},"categories":[458,459,17988],"tags":[],"class_list":["post-291564","post","type-post","status-publish","format-standard","has-post-thumbnail","","category-dunya1","category-haberler-arap-uluslararasi-politika","category-son-haberler"],"_links":{"self":[{"href":"https:\/\/archive.sana.sy\/tr\/index.php?rest_route=\/wp\/v2\/posts\/291564","targetHints":{"allow":["GET"]}}],"collection":[{"href":"https:\/\/archive.sana.sy\/tr\/index.php?rest_route=\/wp\/v2\/posts"}],"about":[{"href":"https:\/\/archive.sana.sy\/tr\/index.php?rest_route=\/wp\/v2\/types\/post"}],"author":[{"embeddable":true,"href":"https:\/\/archive.sana.sy\/tr\/index.php?rest_route=\/wp\/v2\/users\/36"}],"replies":[{"embeddable":true,"href":"https:\/\/archive.sana.sy\/tr\/index.php?rest_route=%2Fwp%2Fv2%2Fcomments&post=291564"}],"version-history":[{"count":2,"href":"https:\/\/archive.sana.sy\/tr\/index.php?rest_route=\/wp\/v2\/posts\/291564\/revisions"}],"predecessor-version":[{"id":291576,"href":"https:\/\/archive.sana.sy\/tr\/index.php?rest_route=\/wp\/v2\/posts\/291564\/revisions\/291576"}],"wp:featuredmedia":[{"embeddable":true,"href":"https:\/\/archive.sana.sy\/tr\/index.php?rest_route=\/wp\/v2\/media\/291565"}],"wp:attachment":[{"href":"https:\/\/archive.sana.sy\/tr\/index.php?rest_route=%2Fwp%2Fv2%2Fmedia&parent=291564"}],"wp:term":[{"taxonomy":"category","embeddable":true,"href":"https:\/\/archive.sana.sy\/tr\/index.php?rest_route=%2Fwp%2Fv2%2Fcategories&post=291564"},{"taxonomy":"post_tag","embeddable":true,"href":"https:\/\/archive.sana.sy\/tr\/index.php?rest_route=%2Fwp%2Fv2%2Ftags&post=291564"}],"curies":[{"name":"wp","href":"https:\/\/api.w.org\/{rel}","templated":true}]}}