{"id":291579,"date":"2023-11-08T15:10:19","date_gmt":"2023-11-08T12:10:19","guid":{"rendered":"https:\/\/sana.sy\/tr\/?p=291579"},"modified":"2023-11-09T08:11:50","modified_gmt":"2023-11-09T05:11:50","slug":"irani-israilin-kendi-yasalarini-isgal-altindaki-suriye-golanina-dayatma-karari-gecersizdir","status":"publish","type":"post","link":"https:\/\/archive.sana.sy\/tr\/?p=291579","title":{"rendered":"\u0130rani: \u0130srail&#8217;in Kendi Yasalar\u0131n\u0131 \u0130\u015fgal Alt\u0131ndaki Suriye Golan&#8217;\u0131na Dayatma Karar\u0131 Ge\u00e7ersizdir"},"content":{"rendered":"<p style=\"text-align: justify;\"><strong>NEW YORK 08 KASIM (SANA)<\/strong> &#8211; \u0130ran&#8217;\u0131n Birle\u015fmi\u015f Milletler B\u00fcy\u00fckel\u00e7isi ve Daimi Temsilcisi Emir Said \u0130rani, \u0130ran&#8217;\u0131n Suriye Golan&#8217;\u0131n\u0131 Suriye&#8217;nin ayr\u0131lmaz bir par\u00e7as\u0131 olarak g\u00f6rd\u00fc\u011f\u00fcn\u00fc vurgulad\u0131.<\/p>\n<p style=\"text-align: justify;\">\u0130ran haber ajans\u0131 IRNA, \u0130rani&#8217;nin, Birle\u015fmi\u015f Milletler Genel Kurulu \u00d6zel Siyasi ve S\u00f6m\u00fcrgecilikten Kurtulma Komitesi&#8217;nin i\u015fgal alt\u0131ndaki topraklarda Filistin halk\u0131n\u0131n ve di\u011fer Araplar\u0131n haklar\u0131n\u0131 etkileyen prosed\u00fcrler ve yerle\u015fim in\u015fas\u0131 operasyonlar\u0131 konusunda yapt\u0131\u011f\u0131 toplant\u0131da \u015funlar\u0131 s\u00f6yledi\u011fini aktard\u0131:, &#8220;\u0130srail&#8217;in Suriye&#8217;ye y\u00f6nelik, Suriye vatanda\u015flar\u0131n\u0131n \u015fehit olmas\u0131na, yaralanmas\u0131na ve altyap\u0131s\u0131n\u0131n tahrip olmas\u0131na yol a\u00e7an sald\u0131r\u0131lar\u0131n\u0131 g\u00fc\u00e7l\u00fc bir \u015fekilde k\u0131n\u0131yoruz. \u00a0\u0130lgili G\u00fcvenlik Konseyi kararlar\u0131nda da belirtildi\u011fi gibi, \u0130srail&#8217;in i\u015fgal alt\u0131ndaki Suriye Golan&#8217;\u0131na kendi yasalar\u0131n\u0131, yarg\u0131 yetkisini ve egemenli\u011fini dayatma karar\u0131 ge\u00e7ersizdir ve uluslararas\u0131 hukuki etkisi yoktur.&#8221;<\/p>\n<p style=\"text-align: justify;\">\u0130rani, Birle\u015fmi\u015f Milletler Genel Sekreteri Antonio Guterres&#8217;e yazd\u0131\u011f\u0131 mektupta Amerikan i\u015fgal g\u00fc\u00e7lerinin Suriye topraklar\u0131ndaki varl\u0131\u011f\u0131na ili\u015fkin, \u201cSuriye&#8217;nin Birle\u015fmi\u015f Milletler Daimi Temsilcisi, Amerikan askeri kuvvetlerinin Suriye&#8217;de yasad\u0131\u015f\u0131 varl\u0131\u011f\u0131n\u0131n devam etmesine kar\u015f\u0131 g\u00fc\u00e7l\u00fc muhalefetini defalarca dile getirdi. Bunu uluslararas\u0131 yasalar\u0131n a\u00e7\u0131k bir ihlali ve Suriye&#8217;nin ulusal ve b\u00f6lgesel egemenli\u011fine, birli\u011fine ve siyasi ba\u011f\u0131ms\u0131zl\u0131\u011f\u0131na a\u00e7\u0131k bir \u015fekilde g\u00f6z ard\u0131 edilmesi olarak nitelendirdi\u2019\u2019 dedi.<\/p>\n<p style=\"text-align: justify;\">\u0130rani ayr\u0131ca, \u2018\u2019Amerika Birle\u015fik Devletleri yasad\u0131\u015f\u0131 eylemlerini durdurmal\u0131, yasad\u0131\u015f\u0131 i\u015fgaline son vermeli ve ilgili G\u00fcvenlik Konseyi kararlar\u0131 da dahil olmak \u00fczere uluslararas\u0131 yasal y\u00fck\u00fcml\u00fcl\u00fcklerini yerine getirmelidir\u2019\u2019 ifadelerini kulland\u0131.<\/p>\n<p style=\"text-align: center;\"><strong><a href=\"https:\/\/t.me\/SuriyeArapHaberAjansI\">Telegram Kanal\u0131m\u0131z\u00a0<\/a>||<a href=\"https:\/\/twitter.com\/arap_ajans\">X Platformumuz\u00a0<\/a>||<a href=\"https:\/\/www.facebook.com\/SANAHaberAjansi\/\">Facebook Sayfam\u0131z<\/a><\/strong><\/p>\n","protected":false},"excerpt":{"rendered":"<p>NEW YORK 08 KASIM (SANA) &#8211; \u0130ran&#8217;\u0131n Birle\u015fmi\u015f Milletler B\u00fcy\u00fckel\u00e7isi ve Daimi Temsilcisi Emir Said \u0130rani, \u0130ran&#8217;\u0131n Suriye Golan&#8217;\u0131n\u0131 Suriye&#8217;nin ayr\u0131lmaz bir par\u00e7as\u0131 olarak g\u00f6rd\u00fc\u011f\u00fcn\u00fc vurgulad\u0131. \u0130ran haber ajans\u0131 IRNA, \u0130rani&#8217;nin, Birle\u015fmi\u015f Milletler Genel Kurulu \u00d6zel Siyasi ve S\u00f6m\u00fcrgecilikten Kurtulma Komitesi&#8217;nin i\u015fgal alt\u0131ndaki topraklarda Filistin halk\u0131n\u0131n ve di\u011fer Araplar\u0131n haklar\u0131n\u0131 etkileyen prosed\u00fcrler ve yerle\u015fim in\u015fas\u0131 &hellip;<\/p>\n","protected":false},"author":41,"featured_media":291580,"comment_status":"closed","ping_status":"closed","sticky":false,"template":"","format":"standard","meta":{"footnotes":""},"categories":[458,459,17988],"tags":[40338],"class_list":["post-291579","post","type-post","status-publish","format-standard","has-post-thumbnail","","category-dunya1","category-haberler-arap-uluslararasi-politika","category-son-haberler","tag-irani-israilin-kendi-yasalarini-isgal-altindaki-suriye-golanina-dayatma-karari-gecersizdir"],"_links":{"self":[{"href":"https:\/\/archive.sana.sy\/tr\/index.php?rest_route=\/wp\/v2\/posts\/291579","targetHints":{"allow":["GET"]}}],"collection":[{"href":"https:\/\/archive.sana.sy\/tr\/index.php?rest_route=\/wp\/v2\/posts"}],"about":[{"href":"https:\/\/archive.sana.sy\/tr\/index.php?rest_route=\/wp\/v2\/types\/post"}],"author":[{"embeddable":true,"href":"https:\/\/archive.sana.sy\/tr\/index.php?rest_route=\/wp\/v2\/users\/41"}],"replies":[{"embeddable":true,"href":"https:\/\/archive.sana.sy\/tr\/index.php?rest_route=%2Fwp%2Fv2%2Fcomments&post=291579"}],"version-history":[{"count":1,"href":"https:\/\/archive.sana.sy\/tr\/index.php?rest_route=\/wp\/v2\/posts\/291579\/revisions"}],"predecessor-version":[{"id":291581,"href":"https:\/\/archive.sana.sy\/tr\/index.php?rest_route=\/wp\/v2\/posts\/291579\/revisions\/291581"}],"wp:featuredmedia":[{"embeddable":true,"href":"https:\/\/archive.sana.sy\/tr\/index.php?rest_route=\/wp\/v2\/media\/291580"}],"wp:attachment":[{"href":"https:\/\/archive.sana.sy\/tr\/index.php?rest_route=%2Fwp%2Fv2%2Fmedia&parent=291579"}],"wp:term":[{"taxonomy":"category","embeddable":true,"href":"https:\/\/archive.sana.sy\/tr\/index.php?rest_route=%2Fwp%2Fv2%2Fcategories&post=291579"},{"taxonomy":"post_tag","embeddable":true,"href":"https:\/\/archive.sana.sy\/tr\/index.php?rest_route=%2Fwp%2Fv2%2Ftags&post=291579"}],"curies":[{"name":"wp","href":"https:\/\/api.w.org\/{rel}","templated":true}]}}