{"id":29158,"date":"2015-04-09T20:35:29","date_gmt":"2015-04-09T17:35:29","guid":{"rendered":"http:\/\/www.sana.sy\/tr\/?p=29158"},"modified":"2015-04-09T20:35:29","modified_gmt":"2015-04-09T17:35:29","slug":"barazi-ve-oxley-homsda-insani-yardim-durumlarini-incelediler","status":"publish","type":"post","link":"https:\/\/archive.sana.sy\/tr\/?p=29158","title":{"rendered":"Barazi ve Oxley Homs\u2019da \u0130nsani Yard\u0131m Durumlar\u0131n\u0131 \u0130ncelediler"},"content":{"rendered":"<p>HOMS \u2013 Homs Valisi Talal el Barazi, Uluslararas\u0131 K\u0131z\u0131lha\u00e7 \u00d6rg\u00fct\u00fc Suriye Temsilcisinin Yard\u0131mc\u0131s\u0131 Beatrice Oxley, ile bir araya gelerek Homs ilindeki insani yard\u0131m \u00e7al\u0131\u015fmalar\u0131n\u0131n durumunu ve bu \u00e7al\u0131\u015fmalar\u0131 ilin b\u00fct\u00fcn b\u00f6lgelerini kapsayacak \u015fekilde geni\u015fletme y\u00f6ntemlerini inceledi.<\/p>\n<p>K\u0131z\u0131lha\u00e7 \u00d6rg\u00fct\u00fcn\u00fcn b\u00fct\u00fcn vatanda\u015flara insani yard\u0131m sepetleri da\u011f\u0131tmaya haz\u0131r oldu\u011funu ifade eden Oxley, Suriye h\u00fck\u00fcmetinin K\u0131z\u0131lha\u00e7 ve di\u011fer insani yard\u0131m \u00f6rg\u00fctlerinin \u00e7al\u0131\u015fmalar\u0131n\u0131 kolayla\u015ft\u0131rmak i\u00e7in harcad\u0131\u011f\u0131 \u00e7abalar\u0131 \u00f6vg\u00fcl\u00fc c\u00fcmlelerle anlatt\u0131.<\/p>\n<p>\u00d6te yandan valili\u011fin K\u0131z\u0131lha\u00e7 \u00d6rg\u00fct\u00fcn\u00fcn \u00e7al\u0131\u015fmalar\u0131 i\u00e7in gerekli kolayl\u0131klar\u0131 sa\u011flamaya haz\u0131r oldu\u011funu dile getiren Barazi, Homs ilinde ter\u00f6r sald\u0131r\u0131lar\u0131n\u0131n yo\u011fun g\u00f6r\u00fcld\u00fc\u011f\u00fc b\u00f6lgelerdeki durum ve ihtiya\u00e7lar hakk\u0131nda bilgi verdi.<\/p>\n<p>F.B. &#8211; M.M.<\/p>\n","protected":false},"excerpt":{"rendered":"<p>HOMS \u2013 Homs Valisi Talal el Barazi, Uluslararas\u0131 K\u0131z\u0131lha\u00e7 \u00d6rg\u00fct\u00fc Suriye Temsilcisinin Yard\u0131mc\u0131s\u0131 Beatrice Oxley, ile bir araya gelerek Homs ilindeki insani yard\u0131m \u00e7al\u0131\u015fmalar\u0131n\u0131n durumunu ve bu \u00e7al\u0131\u015fmalar\u0131 ilin b\u00fct\u00fcn b\u00f6lgelerini kapsayacak \u015fekilde geni\u015fletme y\u00f6ntemlerini inceledi. K\u0131z\u0131lha\u00e7 \u00d6rg\u00fct\u00fcn\u00fcn b\u00fct\u00fcn vatanda\u015flara insani yard\u0131m sepetleri da\u011f\u0131tmaya haz\u0131r oldu\u011funu ifade eden Oxley, Suriye h\u00fck\u00fcmetinin K\u0131z\u0131lha\u00e7 ve di\u011fer insani &hellip;<\/p>\n","protected":false},"author":1,"featured_media":29159,"comment_status":"closed","ping_status":"closed","sticky":false,"template":"","format":"standard","meta":{"footnotes":""},"categories":[479,478],"tags":[13493,13494,13496,13495],"class_list":["post-29158","post","type-post","status-publish","format-standard","has-post-thumbnail","","category-haberler-yerel","category-yerel","tag-barazi-ve-oxley-homsda-insani-yardim-durumlarini-incelediler","tag-homs-homs-valisi-talal-el-barazi","tag-ile-bir-araya-gelerek-homs-ilindeki-insani-yardim-calismalarinin-durumunu-ve-bu-calismalari-ilin-butun-bolgelerini-kapsayacak-sekilde-genisletme-yontemlerini-inceledi","tag-uluslararasi-kizilhac-orgutu-suriye-temsilcisinin-yardimcisi-beatrice-oxley"],"_links":{"self":[{"href":"https:\/\/archive.sana.sy\/tr\/index.php?rest_route=\/wp\/v2\/posts\/29158","targetHints":{"allow":["GET"]}}],"collection":[{"href":"https:\/\/archive.sana.sy\/tr\/index.php?rest_route=\/wp\/v2\/posts"}],"about":[{"href":"https:\/\/archive.sana.sy\/tr\/index.php?rest_route=\/wp\/v2\/types\/post"}],"author":[{"embeddable":true,"href":"https:\/\/archive.sana.sy\/tr\/index.php?rest_route=\/wp\/v2\/users\/1"}],"replies":[{"embeddable":true,"href":"https:\/\/archive.sana.sy\/tr\/index.php?rest_route=%2Fwp%2Fv2%2Fcomments&post=29158"}],"version-history":[{"count":0,"href":"https:\/\/archive.sana.sy\/tr\/index.php?rest_route=\/wp\/v2\/posts\/29158\/revisions"}],"wp:featuredmedia":[{"embeddable":true,"href":"https:\/\/archive.sana.sy\/tr\/index.php?rest_route=\/wp\/v2\/media\/29159"}],"wp:attachment":[{"href":"https:\/\/archive.sana.sy\/tr\/index.php?rest_route=%2Fwp%2Fv2%2Fmedia&parent=29158"}],"wp:term":[{"taxonomy":"category","embeddable":true,"href":"https:\/\/archive.sana.sy\/tr\/index.php?rest_route=%2Fwp%2Fv2%2Fcategories&post=29158"},{"taxonomy":"post_tag","embeddable":true,"href":"https:\/\/archive.sana.sy\/tr\/index.php?rest_route=%2Fwp%2Fv2%2Ftags&post=29158"}],"curies":[{"name":"wp","href":"https:\/\/api.w.org\/{rel}","templated":true}]}}