{"id":291582,"date":"2023-11-08T15:45:15","date_gmt":"2023-11-08T12:45:15","guid":{"rendered":"https:\/\/sana.sy\/tr\/?p=291582"},"modified":"2023-11-09T12:33:16","modified_gmt":"2023-11-09T09:33:16","slug":"lubnan-ulusal-direnisi-sumera-ussu-yakinindaki-siyonist-dusmanin-piyade-kuvvetini-hedef-aldi","status":"publish","type":"post","link":"https:\/\/archive.sana.sy\/tr\/?p=291582","title":{"rendered":"L\u00fcbnan Ulusal Direni\u015fi, \u015eumera \u00dcss\u00fc Yak\u0131n\u0131ndaki Siyonist D\u00fc\u015fman\u0131n Piyade Kuvvetini Hedef Ald\u0131"},"content":{"rendered":"<p style=\"text-align: justify;\"><strong>BEYRUT 08 KASIM (SANA)<\/strong> &#8211; Bug\u00fcn L\u00fcbnan Ulusal Direni\u015fi, \u015eumeyra \u00fcss\u00fc yak\u0131n\u0131ndaki Siyonist d\u00fc\u015fmana ait bir piyade kuvvetini uygun silahlarla hedef ald\u0131.<\/p>\n<p style=\"text-align: justify;\">Direni\u015f, yapt\u0131\u011f\u0131 a\u00e7\u0131klamada, direni\u015f sava\u015f\u00e7\u0131lar\u0131n\u0131n uygun silahlarla Shomera \u00fcss\u00fc yak\u0131n\u0131ndaki Siyonist piyade kuvvetini hedef ald\u0131\u011f\u0131n\u0131 ve bunun do\u011frulanm\u0131\u015f kay\u0131plara yol a\u00e7t\u0131\u011f\u0131n\u0131 belirtti.<\/p>\n<p style=\"text-align: justify;\">D\u00fcn L\u00fcbnan direni\u015fi, G\u00fcney L\u00fcbnan&#8217;daki Tuffah b\u00f6lgesindeki direni\u015f noktalar\u0131ndan birinin bombalanmas\u0131na tepki olarak i\u015fgal alt\u0131ndaki Filistin&#8217;deki Siyonist d\u00fc\u015fman\u0131n top\u00e7u mevzilerini hedef ald\u0131.<\/p>\n<p style=\"text-align: justify;\">Siyonist d\u00fc\u015fman g\u00fcney L\u00fcbnan&#8217;a y\u00f6nelik sald\u0131r\u0131lar\u0131n\u0131 s\u00fcrd\u00fcr\u00fcrken, Labbuneh b\u00f6lgesi, Halta ve El Mari kasabalar\u0131n\u0131n etekleri ve Mayis El Cebel ile Ayta El \u015eaab, Blida ve Muhaybib kasabalar\u0131n\u0131n \u00e7evresi d\u00fc\u015fman top\u00e7u bombard\u0131man\u0131na maruz kald\u0131.<\/p>\n<p style=\"text-align: justify;\">Siyonist sava\u015f u\u00e7aklar\u0131 d\u00fcn ak\u015fam Nakura&#8217;daki Labouneh ormanlar\u0131n\u0131, Aita al-Shaab&#8217;daki Hadab ormanlar\u0131n\u0131, Kafr Kila&#8217;n\u0131n eteklerini, \u015eeba Tepeleri&#8217;ni ve El Hakban&#8217;\u0131 hedef alan bir dizi hava sald\u0131r\u0131s\u0131 d\u00fczenlemi\u015fti.<\/p>\n<p style=\"text-align: center;\"><strong><a href=\"https:\/\/t.me\/SuriyeArapHaberAjansI\">Telegram Kanal\u0131m\u0131z\u00a0<\/a>||<a href=\"https:\/\/twitter.com\/arap_ajans\">X Platformumuz\u00a0<\/a>||<a href=\"https:\/\/www.facebook.com\/SANAHaberAjansi\/\">Facebook Sayfam\u0131z<\/a><\/strong><\/p>\n","protected":false},"excerpt":{"rendered":"<p>BEYRUT 08 KASIM (SANA) &#8211; Bug\u00fcn L\u00fcbnan Ulusal Direni\u015fi, \u015eumeyra \u00fcss\u00fc yak\u0131n\u0131ndaki Siyonist d\u00fc\u015fmana ait bir piyade kuvvetini uygun silahlarla hedef ald\u0131. Direni\u015f, yapt\u0131\u011f\u0131 a\u00e7\u0131klamada, direni\u015f sava\u015f\u00e7\u0131lar\u0131n\u0131n uygun silahlarla Shomera \u00fcss\u00fc yak\u0131n\u0131ndaki Siyonist piyade kuvvetini hedef ald\u0131\u011f\u0131n\u0131 ve bunun do\u011frulanm\u0131\u015f kay\u0131plara yol a\u00e7t\u0131\u011f\u0131n\u0131 belirtti. D\u00fcn L\u00fcbnan direni\u015fi, G\u00fcney L\u00fcbnan&#8217;daki Tuffah b\u00f6lgesindeki direni\u015f noktalar\u0131ndan birinin bombalanmas\u0131na &hellip;<\/p>\n","protected":false},"author":41,"featured_media":291583,"comment_status":"closed","ping_status":"closed","sticky":false,"template":"","format":"standard","meta":{"footnotes":""},"categories":[458,459,17988],"tags":[40339,40340],"class_list":["post-291582","post","type-post","status-publish","format-standard","has-post-thumbnail","","category-dunya1","category-haberler-arap-uluslararasi-politika","category-son-haberler","tag-lubnan-ulusal-direnisi","tag-sumera-ussu-yakinindaki-siyonist-dusmanin-piyade-kuvvetini-hedef-aldi"],"_links":{"self":[{"href":"https:\/\/archive.sana.sy\/tr\/index.php?rest_route=\/wp\/v2\/posts\/291582","targetHints":{"allow":["GET"]}}],"collection":[{"href":"https:\/\/archive.sana.sy\/tr\/index.php?rest_route=\/wp\/v2\/posts"}],"about":[{"href":"https:\/\/archive.sana.sy\/tr\/index.php?rest_route=\/wp\/v2\/types\/post"}],"author":[{"embeddable":true,"href":"https:\/\/archive.sana.sy\/tr\/index.php?rest_route=\/wp\/v2\/users\/41"}],"replies":[{"embeddable":true,"href":"https:\/\/archive.sana.sy\/tr\/index.php?rest_route=%2Fwp%2Fv2%2Fcomments&post=291582"}],"version-history":[{"count":1,"href":"https:\/\/archive.sana.sy\/tr\/index.php?rest_route=\/wp\/v2\/posts\/291582\/revisions"}],"predecessor-version":[{"id":291584,"href":"https:\/\/archive.sana.sy\/tr\/index.php?rest_route=\/wp\/v2\/posts\/291582\/revisions\/291584"}],"wp:featuredmedia":[{"embeddable":true,"href":"https:\/\/archive.sana.sy\/tr\/index.php?rest_route=\/wp\/v2\/media\/291583"}],"wp:attachment":[{"href":"https:\/\/archive.sana.sy\/tr\/index.php?rest_route=%2Fwp%2Fv2%2Fmedia&parent=291582"}],"wp:term":[{"taxonomy":"category","embeddable":true,"href":"https:\/\/archive.sana.sy\/tr\/index.php?rest_route=%2Fwp%2Fv2%2Fcategories&post=291582"},{"taxonomy":"post_tag","embeddable":true,"href":"https:\/\/archive.sana.sy\/tr\/index.php?rest_route=%2Fwp%2Fv2%2Ftags&post=291582"}],"curies":[{"name":"wp","href":"https:\/\/api.w.org\/{rel}","templated":true}]}}