{"id":291604,"date":"2023-11-09T08:23:21","date_gmt":"2023-11-09T05:23:21","guid":{"rendered":"https:\/\/sana.sy\/tr\/?p=291604"},"modified":"2023-11-11T09:22:58","modified_gmt":"2023-11-11T06:22:58","slug":"dusman-israilin-guney-bolgesindeki-noktalari-hedef-alan-saldirganligi-sonucu-maddi-hasar-meydana-geldi","status":"publish","type":"post","link":"https:\/\/archive.sana.sy\/tr\/?p=291604","title":{"rendered":"D\u00fc\u015fman \u0130srail&#8217;in G\u00fcney B\u00f6lgesindeki Noktalar\u0131 Hedef Alan Sald\u0131rganl\u0131\u011f\u0131 Sonucu Maddi Hasar Meydana Geldi"},"content":{"rendered":"<p><strong>\u015eAM 09 KASIM (SANA) <\/strong>&#8211; D\u00fc\u015fman \u0130srail&#8217;in g\u00fcney b\u00f6lgedeki noktalar\u0131 hedef alan hava sald\u0131rganl\u0131\u011f\u0131 sonucu maddi hasar meydana geldi.<\/p>\n<p>Askeri bir kaynak SANA&#8217;ya yapt\u0131\u011f\u0131 a\u00e7\u0131klamada, &#8221;Bug\u00fcn saat 22.50 s\u0131ralar\u0131nda d\u00fc\u015fman \u0130srail, L\u00fcbnan&#8217;\u0131n Baalbek y\u00f6n\u00fcnden g\u00fcney b\u00f6lgesindeki baz\u0131 askeri noktalar\u0131 hedef alan bir hava sald\u0131rganl\u0131\u011f\u0131 d\u00fczenledi.&#8221;<\/p>\n<p>Kaynak Aayr\u0131ca, \u00a0&#8221;Sald\u0131rganl\u0131k baz\u0131 maddi kay\u0131plara yol a\u00e7t\u0131&#8221; ifadelerini a\u00e7\u0131klamas\u0131na ekledi.<\/p>\n<p style=\"text-align: center;\"><strong><a href=\"https:\/\/t.me\/SuriyeArapHaberAjansI\">Telegram Kanal\u0131m\u0131z\u00a0<\/a>||<a href=\"https:\/\/twitter.com\/arap_ajans\">X Platformumuz\u00a0<\/a>||<a href=\"https:\/\/www.facebook.com\/SANAHaberAjansi\/\">Facebook Sayfam\u0131z<\/a><\/strong><\/p>\n","protected":false},"excerpt":{"rendered":"<p>\u015eAM 09 KASIM (SANA) &#8211; D\u00fc\u015fman \u0130srail&#8217;in g\u00fcney b\u00f6lgedeki noktalar\u0131 hedef alan hava sald\u0131rganl\u0131\u011f\u0131 sonucu maddi hasar meydana geldi. Askeri bir kaynak SANA&#8217;ya yapt\u0131\u011f\u0131 a\u00e7\u0131klamada, &#8221;Bug\u00fcn saat 22.50 s\u0131ralar\u0131nda d\u00fc\u015fman \u0130srail, L\u00fcbnan&#8217;\u0131n Baalbek y\u00f6n\u00fcnden g\u00fcney b\u00f6lgesindeki baz\u0131 askeri noktalar\u0131 hedef alan bir hava sald\u0131rganl\u0131\u011f\u0131 d\u00fczenledi.&#8221; Kaynak Aayr\u0131ca, \u00a0&#8221;Sald\u0131rganl\u0131k baz\u0131 maddi kay\u0131plara yol a\u00e7t\u0131&#8221; ifadelerini a\u00e7\u0131klamas\u0131na &hellip;<\/p>\n","protected":false},"author":36,"featured_media":291605,"comment_status":"closed","ping_status":"closed","sticky":false,"template":"","format":"standard","meta":{"footnotes":""},"categories":[479,575,17988,478],"tags":[],"class_list":["post-291604","post","type-post","status-publish","format-standard","has-post-thumbnail","","category-haberler-yerel","category-olaylar-ve-gercekler","category-son-haberler","category-yerel"],"_links":{"self":[{"href":"https:\/\/archive.sana.sy\/tr\/index.php?rest_route=\/wp\/v2\/posts\/291604","targetHints":{"allow":["GET"]}}],"collection":[{"href":"https:\/\/archive.sana.sy\/tr\/index.php?rest_route=\/wp\/v2\/posts"}],"about":[{"href":"https:\/\/archive.sana.sy\/tr\/index.php?rest_route=\/wp\/v2\/types\/post"}],"author":[{"embeddable":true,"href":"https:\/\/archive.sana.sy\/tr\/index.php?rest_route=\/wp\/v2\/users\/36"}],"replies":[{"embeddable":true,"href":"https:\/\/archive.sana.sy\/tr\/index.php?rest_route=%2Fwp%2Fv2%2Fcomments&post=291604"}],"version-history":[{"count":1,"href":"https:\/\/archive.sana.sy\/tr\/index.php?rest_route=\/wp\/v2\/posts\/291604\/revisions"}],"predecessor-version":[{"id":291606,"href":"https:\/\/archive.sana.sy\/tr\/index.php?rest_route=\/wp\/v2\/posts\/291604\/revisions\/291606"}],"wp:featuredmedia":[{"embeddable":true,"href":"https:\/\/archive.sana.sy\/tr\/index.php?rest_route=\/wp\/v2\/media\/291605"}],"wp:attachment":[{"href":"https:\/\/archive.sana.sy\/tr\/index.php?rest_route=%2Fwp%2Fv2%2Fmedia&parent=291604"}],"wp:term":[{"taxonomy":"category","embeddable":true,"href":"https:\/\/archive.sana.sy\/tr\/index.php?rest_route=%2Fwp%2Fv2%2Fcategories&post=291604"},{"taxonomy":"post_tag","embeddable":true,"href":"https:\/\/archive.sana.sy\/tr\/index.php?rest_route=%2Fwp%2Fv2%2Ftags&post=291604"}],"curies":[{"name":"wp","href":"https:\/\/api.w.org\/{rel}","templated":true}]}}