{"id":291607,"date":"2023-11-08T13:00:08","date_gmt":"2023-11-08T10:00:08","guid":{"rendered":"https:\/\/sana.sy\/tr\/?p=291607"},"modified":"2023-11-09T12:33:04","modified_gmt":"2023-11-09T09:33:04","slug":"mikdad-arap-birligi-konseyinin-bakanlar-duzeyindeki-hazirlik-toplantisina-katilmak-uzere-riyada-vardi","status":"publish","type":"post","link":"https:\/\/archive.sana.sy\/tr\/?p=291607","title":{"rendered":"Mikdad, Arap Birli\u011fi Konseyi&#8217;nin Bakanlar D\u00fczeyindeki Haz\u0131rl\u0131k Toplant\u0131s\u0131na Kat\u0131lmak \u00dczere Riyad&#8217;a Vard\u0131"},"content":{"rendered":"<p><strong>R\u0130YAD 08 KASIM (SANA) &#8211;<\/strong> D\u0131\u015fi\u015fleri ve Gurbet\u00e7iler Bakan\u0131 Faysal Mikdad, Arap Devletleri Ligi Konseyi&#8217;nin bakanlar d\u00fczeyinde haz\u0131rl\u0131k toplant\u0131s\u0131na kat\u0131lmak \u00fczere bug\u00fcn Riyad&#8217;a geldi.<\/p>\n<p>Bakan Mikdad, Kral Halid Uluslararas\u0131 Havaalan\u0131na geli\u015finde Bakan Tam Yetkili Fevvaz El Uteybi ve Riyad&#8217;daki Suriye B\u00fcy\u00fckel\u00e7ili\u011fi \u00fcyeleri taraf\u0131ndan kar\u015f\u0131land\u0131.<\/p>\n<p>Bakan Mikdad&#8217;a, D\u0131\u015fi\u015fleri Bakan Yard\u0131mc\u0131s\u0131 Bessam Sebba\u011f, D\u0131\u015fi\u015fleri Bakan Yard\u0131mc\u0131s\u0131 Eyman Soussan, Suriye Arap Cumhuriyeti&#8217;nin Arap Birli\u011fi Daimi Temsilcisi B\u00fcy\u00fckel\u00e7i Hussameddin Aala,\u00a0 D\u0131\u015fi\u015fleri Bakanl\u0131\u011f\u0131 Arap \u0130\u015fleri Dairesi Ba\u015fkan\u0131 Riyad Abbas ve Gurbet\u00e7iler ve Bakanl\u0131k Y\u00f6netici Destek Dairesi M\u00fcd\u00fcr\u00fc Cemal Necib&#8217;den olu\u015fan bir heyet e\u015flik ediyor.<\/p>\n<p style=\"text-align: center;\"><strong><a href=\"https:\/\/t.me\/SuriyeArapHaberAjansI\">Telegram Kanal\u0131m\u0131z\u00a0<\/a>||<a href=\"https:\/\/twitter.com\/arap_ajans\">X Platformumuz\u00a0<\/a>||<a href=\"https:\/\/www.facebook.com\/SANAHaberAjansi\/\">Facebook Sayfam\u0131z<\/a><\/strong><\/p>\n","protected":false},"excerpt":{"rendered":"<p>R\u0130YAD 08 KASIM (SANA) &#8211; D\u0131\u015fi\u015fleri ve Gurbet\u00e7iler Bakan\u0131 Faysal Mikdad, Arap Devletleri Ligi Konseyi&#8217;nin bakanlar d\u00fczeyinde haz\u0131rl\u0131k toplant\u0131s\u0131na kat\u0131lmak \u00fczere bug\u00fcn Riyad&#8217;a geldi. Bakan Mikdad, Kral Halid Uluslararas\u0131 Havaalan\u0131na geli\u015finde Bakan Tam Yetkili Fevvaz El Uteybi ve Riyad&#8217;daki Suriye B\u00fcy\u00fckel\u00e7ili\u011fi \u00fcyeleri taraf\u0131ndan kar\u015f\u0131land\u0131. Bakan Mikdad&#8217;a, D\u0131\u015fi\u015fleri Bakan Yard\u0131mc\u0131s\u0131 Bessam Sebba\u011f, D\u0131\u015fi\u015fleri Bakan Yard\u0131mc\u0131s\u0131 Eyman &hellip;<\/p>\n","protected":false},"author":36,"featured_media":291608,"comment_status":"closed","ping_status":"closed","sticky":false,"template":"","format":"standard","meta":{"footnotes":""},"categories":[458,459,17988],"tags":[],"class_list":["post-291607","post","type-post","status-publish","format-standard","has-post-thumbnail","","category-dunya1","category-haberler-arap-uluslararasi-politika","category-son-haberler"],"_links":{"self":[{"href":"https:\/\/archive.sana.sy\/tr\/index.php?rest_route=\/wp\/v2\/posts\/291607","targetHints":{"allow":["GET"]}}],"collection":[{"href":"https:\/\/archive.sana.sy\/tr\/index.php?rest_route=\/wp\/v2\/posts"}],"about":[{"href":"https:\/\/archive.sana.sy\/tr\/index.php?rest_route=\/wp\/v2\/types\/post"}],"author":[{"embeddable":true,"href":"https:\/\/archive.sana.sy\/tr\/index.php?rest_route=\/wp\/v2\/users\/36"}],"replies":[{"embeddable":true,"href":"https:\/\/archive.sana.sy\/tr\/index.php?rest_route=%2Fwp%2Fv2%2Fcomments&post=291607"}],"version-history":[{"count":1,"href":"https:\/\/archive.sana.sy\/tr\/index.php?rest_route=\/wp\/v2\/posts\/291607\/revisions"}],"predecessor-version":[{"id":291609,"href":"https:\/\/archive.sana.sy\/tr\/index.php?rest_route=\/wp\/v2\/posts\/291607\/revisions\/291609"}],"wp:featuredmedia":[{"embeddable":true,"href":"https:\/\/archive.sana.sy\/tr\/index.php?rest_route=\/wp\/v2\/media\/291608"}],"wp:attachment":[{"href":"https:\/\/archive.sana.sy\/tr\/index.php?rest_route=%2Fwp%2Fv2%2Fmedia&parent=291607"}],"wp:term":[{"taxonomy":"category","embeddable":true,"href":"https:\/\/archive.sana.sy\/tr\/index.php?rest_route=%2Fwp%2Fv2%2Fcategories&post=291607"},{"taxonomy":"post_tag","embeddable":true,"href":"https:\/\/archive.sana.sy\/tr\/index.php?rest_route=%2Fwp%2Fv2%2Ftags&post=291607"}],"curies":[{"name":"wp","href":"https:\/\/api.w.org\/{rel}","templated":true}]}}