{"id":291611,"date":"2023-11-09T09:18:20","date_gmt":"2023-11-09T06:18:20","guid":{"rendered":"https:\/\/sana.sy\/tr\/?p=291611"},"modified":"2023-11-11T09:23:02","modified_gmt":"2023-11-11T06:23:02","slug":"34uncu-gununde-aksa-tufani-operasyonun-one-cikan-gelismeleri","status":"publish","type":"post","link":"https:\/\/archive.sana.sy\/tr\/?p=291611","title":{"rendered":"34&#8217;\u00fcnc\u00fc g\u00fcn\u00fcnde&#8230; \u201cAksa Tufan\u0131\u201d Operasyonun \u00d6ne \u00c7\u0131kan Geli\u015fmeleri"},"content":{"rendered":"<p style=\"text-align: justify;\"><strong>\u0130\u015eGAL ED\u0130LEN KUD\u00dcS 09 KASIM 2023 (SANA)<\/strong> \u2013 Filistin direni\u015finin i\u015fgalci \u0130srail\u2019in sald\u0131rganl\u0131\u011f\u0131na tepki olarak 34\u2019\u00fcnc\u00fc g\u00fcn\u00fcnde ba\u015flatt\u0131\u011f\u0131 Aksa Tufan\u0131 Operasyonu\u2019nda \u00f6ne \u00e7\u0131kan geli\u015fmeler:<\/p>\n<ul style=\"text-align: justify;\">\n<li>Filistin medyas\u0131: \u0130srail i\u015fgalcilerinin Gazze \u015eeridi&#8217;nin merkezindeki Deyr El Belah&#8217;ta bir evi bombalayarak yapt\u0131\u011f\u0131 katliamda \u00f6lenlerin say\u0131s\u0131 12 \u015fehit ve onlarca yaral\u0131ya y\u00fckseldi.<\/li>\n<li>D\u00fc\u015fman \u0130srail medyas\u0131, Filistin direni\u015finin Gazze&#8217;den att\u0131\u011f\u0131 f\u00fcze sonucu bir askerin \u00f6ld\u00fc\u011f\u00fcn\u00fc duyurdu.<\/li>\n<li><span style=\"color: #0000ff;\"><a style=\"color: #0000ff;\" href=\"https:\/\/www.sana.sy\/tr\/?p=291624\">UNRWA: \u0130srail \u0130\u015fgalinin Filistinlilere Y\u00f6nelik Katliam\u0131 Durdurulmal\u0131d\u0131r<\/a><\/span><\/li>\n<li>Gazze&#8217;de 2 bin 550 Filistinli enkaz alt\u0131nda.<\/li>\n<li>Filistin medyas\u0131: \u0130srail i\u015fgal u\u00e7aklar\u0131n\u0131n Gazze&#8217;deki Sahil kamp\u0131n\u0131 uluslararas\u0131 yasakl\u0131 fosfor bombalar\u0131yla bombalamaya devam ediyor.<\/li>\n<li>Filistin Direni\u015fi: Sava\u015f\u00e7\u0131lar\u0131m\u0131z Gazze&#8217;nin Cuhr el-Dik b\u00f6lgesinde Siyonist bir piyade kuvvetini s\u0131k\u0131 bir pusuya d\u00fc\u015f\u00fcrerek f\u00fczeyle hedef ald\u0131 ve \u00fcyelerini yok etti.<\/li>\n<li><span style=\"color: #0000ff;\"><a style=\"color: #0000ff;\" href=\"https:\/\/www.sana.sy\/tr\/?p=291615\">Yeni Bir Etnik Temizlik Su\u00e7u.. \u0130\u015fgal, 20 Filistinli Aileyi Hirbet Tana\u2019dan Uzakla\u015ft\u0131rd\u0131<\/a><\/span><\/li>\n<li>Filistin direni\u015fi, \u015eeyh R\u0131dvan mahallesinin kuzeyinde bir \u0130srail i\u015fgal tank\u0131n\u0131, \u015eati kamp\u0131n\u0131n eteklerinde ise 3 Siyonist ara\u00e7 ve bir buldozeri imha etti.<\/li>\n<li>Filistin direni\u015fi, \u0130srail i\u015fgalinin Gazze \u015eeridi&#8217;ndeki katliamlar\u0131na tepki olarak i\u015fgal alt\u0131ndaki A\u015fdod&#8217;u f\u00fcze bombard\u0131man\u0131yla hedef ald\u0131.<\/li>\n<li>Filistin direni\u015fi, Gazze&#8217;nin El Tavam b\u00f6lgesinde bir Siyonist tank\u0131n\u0131 &#8220;El Yassin 105&#8221; mermisiyle imha etti.<\/li>\n<li>Filistin medyas\u0131: \u0130srail i\u015fgal u\u00e7aklar\u0131n\u0131n Gazze \u015eeridi&#8217;ndeki Deyr El Belah, Cebeliye ve Sabra mahallesindeki evleri bombalamas\u0131 sonucu \u015fehitler ve yaral\u0131lar.<\/li>\n<li>Gazze&#8217;deki Medya Ofisi: \u0130\u015fgalin \u015eeridi&#8217;ndeki hastaneleri bombalamas\u0131 uluslararas\u0131 insanc\u0131l hukuka g\u00f6re bir sava\u015f su\u00e7udur ve sa\u011fl\u0131k tesislerinin korunmas\u0131n\u0131 garanti alt\u0131na alan 16 uluslararas\u0131 anla\u015fma ve BM kararlar\u0131 ile su\u00e7 say\u0131lmaktad\u0131r.<\/li>\n<li>Gazze&#8217;deki Medya Ofisi, \u0130srail i\u015fgali ge\u00e7ti\u011fimiz saatlerde El \u015eifa Hastanesi&#8217;nin avlusunu ve El Nasr Hastanesi&#8217;nin kap\u0131s\u0131n\u0131 bombalad\u0131 ve Ge\u00e7ti\u011fimiz 7 Ekim&#8217;den bu yana, hastanelere y\u00f6nelik kirli ve su\u00e7 i\u00e7eren sava\u015f\u0131n\u0131n bir par\u00e7as\u0131 olarak 18 hastaneyi hizmet d\u0131\u015f\u0131 b\u0131rakt\u0131.<\/li>\n<li>Filistinli medyas\u0131: \u0130srail i\u015fgalinin, Gazze \u015fehrinin bat\u0131s\u0131ndaki El Nasr \u00c7ocuk Hastanesi&#8217;nin kap\u0131s\u0131n\u0131 bombalad\u0131.<\/li>\n<li><span style=\"color: #0000ff;\"><a style=\"color: #0000ff;\" href=\"https:\/\/www.sana.sy\/tr\/?p=291618\">\u0130srail \u0130\u015fgali Gazze\u2019deki Katliamlar\u0131na 34\u2019\u00fcnc\u00fc G\u00fcn\u00fcnde Devam Ediyor<\/a><\/span><\/li>\n<li>Filistin medyas\u0131: \u0130srail i\u015fgal u\u00e7aklar\u0131n\u0131n Gazze \u015eeridi&#8217;nin kuzeyinde Cebeliye&#8217;nin do\u011fusundaki bir evi bombalamas\u0131 sonucu \u015fehitler ve yaral\u0131lar.<\/li>\n<li>Filistin Direni\u015fi: direni\u015f sava\u015f\u00e7\u0131lar\u0131m\u0131z Bat\u0131 \u015eeria&#8217;daki Cenin kamp\u0131n\u0131n giri\u015finde \u0130srail i\u015fgal ara\u00e7lar\u0131n\u0131 patlay\u0131c\u0131 cihazlar ve mermilerle hedef alarak geri \u00e7ekilmeye zorlad\u0131.<\/li>\n<li>\u0130srail d\u00fc\u015fman medyas\u0131, Gazze \u015eeridi&#8217;nin merkezinde Filistin direni\u015fiyle ya\u015fanan \u00e7at\u0131\u015fmalar sonucunda i\u015fgal ordusunda g\u00f6revli bir subay\u0131n \u00f6ld\u00fcr\u00fcld\u00fc\u011f\u00fcn\u00fc ve 5 ki\u015finin de yaraland\u0131\u011f\u0131n\u0131 duyurdu.<\/li>\n<li>Filistin medyas\u0131: Gazze \u015eeridi&#8217;nin g\u00fcneyinde Han Yunus&#8217;un do\u011fusundaki Bani S\u00fcheyle&#8217;de bir eve i\u015fgal hava sald\u0131r\u0131s\u0131nda 4 \u015fehit ve bir yaral\u0131.<\/li>\n<li>Filistinli sa\u011fl\u0131k kayna\u011f\u0131: Gazze \u015eeridi&#8217;nin kuzeyindeki Endonezya Hastanesi&#8217;ne bu sabahtan bu yana 65 \u015fehit ve 100&#8217;den fazla yaral\u0131 ula\u015ft\u0131.<\/li>\n<li>Filistinli medyas\u0131: \u0130srail i\u015fgal u\u00e7aklar\u0131n\u0131n Gazze \u015fehrinin do\u011fusundaki \u015eucaiyh mahallesindeki bir f\u0131r\u0131n\u0131 bombalayarak tamamen yok etti.<\/li>\n<\/ul>\n<p style=\"text-align: justify;\"><strong><a href=\"https:\/\/t.me\/SuriyeArapHaberAjansI\">Telegram Kanal\u0131m\u0131z\u00a0<\/a>||<a href=\"https:\/\/twitter.com\/arap_ajans\">X Platformumuz\u00a0<\/a>||<a href=\"https:\/\/www.facebook.com\/SANAHaberAjansi\/\">Facebook Sayfam\u0131z<\/a><\/strong><\/p>\n","protected":false},"excerpt":{"rendered":"<p>\u0130\u015eGAL ED\u0130LEN KUD\u00dcS 09 KASIM 2023 (SANA) \u2013 Filistin direni\u015finin i\u015fgalci \u0130srail\u2019in sald\u0131rganl\u0131\u011f\u0131na tepki olarak 34\u2019\u00fcnc\u00fc g\u00fcn\u00fcnde ba\u015flatt\u0131\u011f\u0131 Aksa Tufan\u0131 Operasyonu\u2019nda \u00f6ne \u00e7\u0131kan geli\u015fmeler: Filistin medyas\u0131: \u0130srail i\u015fgalcilerinin Gazze \u015eeridi&#8217;nin merkezindeki Deyr El Belah&#8217;ta bir evi bombalayarak yapt\u0131\u011f\u0131 katliamda \u00f6lenlerin say\u0131s\u0131 12 \u015fehit ve onlarca yaral\u0131ya y\u00fckseldi. D\u00fc\u015fman \u0130srail medyas\u0131, Filistin direni\u015finin Gazze&#8217;den att\u0131\u011f\u0131 f\u00fcze &hellip;<\/p>\n","protected":false},"author":39,"featured_media":291612,"comment_status":"closed","ping_status":"closed","sticky":false,"template":"","format":"standard","meta":{"footnotes":""},"categories":[458,459,17988],"tags":[],"class_list":["post-291611","post","type-post","status-publish","format-standard","has-post-thumbnail","","category-dunya1","category-haberler-arap-uluslararasi-politika","category-son-haberler"],"_links":{"self":[{"href":"https:\/\/archive.sana.sy\/tr\/index.php?rest_route=\/wp\/v2\/posts\/291611","targetHints":{"allow":["GET"]}}],"collection":[{"href":"https:\/\/archive.sana.sy\/tr\/index.php?rest_route=\/wp\/v2\/posts"}],"about":[{"href":"https:\/\/archive.sana.sy\/tr\/index.php?rest_route=\/wp\/v2\/types\/post"}],"author":[{"embeddable":true,"href":"https:\/\/archive.sana.sy\/tr\/index.php?rest_route=\/wp\/v2\/users\/39"}],"replies":[{"embeddable":true,"href":"https:\/\/archive.sana.sy\/tr\/index.php?rest_route=%2Fwp%2Fv2%2Fcomments&post=291611"}],"version-history":[{"count":5,"href":"https:\/\/archive.sana.sy\/tr\/index.php?rest_route=\/wp\/v2\/posts\/291611\/revisions"}],"predecessor-version":[{"id":291633,"href":"https:\/\/archive.sana.sy\/tr\/index.php?rest_route=\/wp\/v2\/posts\/291611\/revisions\/291633"}],"wp:featuredmedia":[{"embeddable":true,"href":"https:\/\/archive.sana.sy\/tr\/index.php?rest_route=\/wp\/v2\/media\/291612"}],"wp:attachment":[{"href":"https:\/\/archive.sana.sy\/tr\/index.php?rest_route=%2Fwp%2Fv2%2Fmedia&parent=291611"}],"wp:term":[{"taxonomy":"category","embeddable":true,"href":"https:\/\/archive.sana.sy\/tr\/index.php?rest_route=%2Fwp%2Fv2%2Fcategories&post=291611"},{"taxonomy":"post_tag","embeddable":true,"href":"https:\/\/archive.sana.sy\/tr\/index.php?rest_route=%2Fwp%2Fv2%2Ftags&post=291611"}],"curies":[{"name":"wp","href":"https:\/\/api.w.org\/{rel}","templated":true}]}}