{"id":29162,"date":"2015-04-09T20:42:22","date_gmt":"2015-04-09T17:42:22","guid":{"rendered":"http:\/\/www.sana.sy\/tr\/?p=29162"},"modified":"2015-04-09T20:42:22","modified_gmt":"2015-04-09T17:42:22","slug":"18-kamyon-insani-yardim-gonderildi","status":"publish","type":"post","link":"https:\/\/archive.sana.sy\/tr\/?p=29162","title":{"rendered":"18 Kamyon \u0130nsani Yard\u0131m G\u00f6nderildi"},"content":{"rendered":"<p>\u015eAM KIRSALI &#8211; \u0130nsani Yard\u0131m Y\u00fcksek Komitesi ve Suriye K\u0131z\u0131lay \u00d6rg\u00fct\u00fc bug\u00fcn Suriye h\u00fck\u00fcmetinin deste\u011fi ile \u015eam k\u0131rsal\u0131n\u0131n g\u00fcneyi Yelda, Babbila ve Beyt Sahm beldelerine insani yard\u0131m ta\u015f\u0131yan 18 kamyon g\u00f6nderdi.<\/p>\n","protected":false},"excerpt":{"rendered":"<p>\u015eAM KIRSALI &#8211; \u0130nsani Yard\u0131m Y\u00fcksek Komitesi ve Suriye K\u0131z\u0131lay \u00d6rg\u00fct\u00fc bug\u00fcn Suriye h\u00fck\u00fcmetinin deste\u011fi ile \u015eam k\u0131rsal\u0131n\u0131n g\u00fcneyi Yelda, Babbila ve Beyt Sahm beldelerine insani yard\u0131m ta\u015f\u0131yan 18 kamyon g\u00f6nderdi.<\/p>\n","protected":false},"author":1,"featured_media":29163,"comment_status":"closed","ping_status":"closed","sticky":false,"template":"","format":"standard","meta":{"footnotes":""},"categories":[479,478],"tags":[13497],"class_list":["post-29162","post","type-post","status-publish","format-standard","has-post-thumbnail","","category-haberler-yerel","category-yerel","tag-18-kamyon-insani-yardim-gonderildi"],"_links":{"self":[{"href":"https:\/\/archive.sana.sy\/tr\/index.php?rest_route=\/wp\/v2\/posts\/29162","targetHints":{"allow":["GET"]}}],"collection":[{"href":"https:\/\/archive.sana.sy\/tr\/index.php?rest_route=\/wp\/v2\/posts"}],"about":[{"href":"https:\/\/archive.sana.sy\/tr\/index.php?rest_route=\/wp\/v2\/types\/post"}],"author":[{"embeddable":true,"href":"https:\/\/archive.sana.sy\/tr\/index.php?rest_route=\/wp\/v2\/users\/1"}],"replies":[{"embeddable":true,"href":"https:\/\/archive.sana.sy\/tr\/index.php?rest_route=%2Fwp%2Fv2%2Fcomments&post=29162"}],"version-history":[{"count":0,"href":"https:\/\/archive.sana.sy\/tr\/index.php?rest_route=\/wp\/v2\/posts\/29162\/revisions"}],"wp:featuredmedia":[{"embeddable":true,"href":"https:\/\/archive.sana.sy\/tr\/index.php?rest_route=\/wp\/v2\/media\/29163"}],"wp:attachment":[{"href":"https:\/\/archive.sana.sy\/tr\/index.php?rest_route=%2Fwp%2Fv2%2Fmedia&parent=29162"}],"wp:term":[{"taxonomy":"category","embeddable":true,"href":"https:\/\/archive.sana.sy\/tr\/index.php?rest_route=%2Fwp%2Fv2%2Fcategories&post=29162"},{"taxonomy":"post_tag","embeddable":true,"href":"https:\/\/archive.sana.sy\/tr\/index.php?rest_route=%2Fwp%2Fv2%2Ftags&post=29162"}],"curies":[{"name":"wp","href":"https:\/\/api.w.org\/{rel}","templated":true}]}}