{"id":291621,"date":"2023-11-09T10:10:14","date_gmt":"2023-11-09T07:10:14","guid":{"rendered":"https:\/\/sana.sy\/tr\/?p=291621"},"modified":"2023-11-11T09:23:06","modified_gmt":"2023-11-11T06:23:06","slug":"slovak-parlamentosu-baskan-yardimcisi-israilin-gazzede-yaptigi-sey-bir-halki-yok-etmektir","status":"publish","type":"post","link":"https:\/\/archive.sana.sy\/tr\/?p=291621","title":{"rendered":"Slovak Parlamentosu Ba\u015fkan Yard\u0131mc\u0131s\u0131: \u0130srail&#8217;in Gazze&#8217;de Yapt\u0131\u011f\u0131 \u015eey Bir Halk\u0131 Yok Etmektir"},"content":{"rendered":"<p style=\"text-align: justify;\"><strong>BRAT\u0130SLAVA 09 KASIM 2023 (SANA) &#8211; <\/strong>Slovak Parlamentosu Ba\u015fkan Yard\u0131mc\u0131s\u0131 Luboz Blaha, \u0130srail&#8217;in Gazze&#8217;de yapt\u0131\u011f\u0131n\u0131n iddia edildi\u011fi gibi me\u015fru m\u00fcdafaa de\u011fil, Filistin halk\u0131n\u0131 yok etme eylemi oldu\u011funu do\u011frulad\u0131.<br \/>\nBlaha, Telegram hesab\u0131nda, \u0130srail&#8217;in Gazze&#8217;deki katliamlar\u0131nda 10 binden fazla insan\u0131n hayat\u0131na mal oldu\u011funu belirtti.<\/p>\n<p style=\"text-align: justify;\">Blaha ayr\u0131ca, \u201c\u0130srail\u201din uluslararas\u0131 hukuku s\u00fcrekli ihlal etmesini umursamayan Bat\u0131l\u0131 siyaset\u00e7ilerin \u00e7ifte standartlar\u0131na dikkat \u00e7ekti.<\/p>\n<p style=\"text-align: center;\"><strong><a href=\"https:\/\/t.me\/SuriyeArapHaberAjansI\">Telegram Kanal\u0131m\u0131z\u00a0<\/a>||<a href=\"https:\/\/twitter.com\/arap_ajans\">X Platformumuz\u00a0<\/a>||<a href=\"https:\/\/www.facebook.com\/SANAHaberAjansi\/\">Facebook Sayfam\u0131z<\/a><\/strong><\/p>\n","protected":false},"excerpt":{"rendered":"<p>BRAT\u0130SLAVA 09 KASIM 2023 (SANA) &#8211; Slovak Parlamentosu Ba\u015fkan Yard\u0131mc\u0131s\u0131 Luboz Blaha, \u0130srail&#8217;in Gazze&#8217;de yapt\u0131\u011f\u0131n\u0131n iddia edildi\u011fi gibi me\u015fru m\u00fcdafaa de\u011fil, Filistin halk\u0131n\u0131 yok etme eylemi oldu\u011funu do\u011frulad\u0131. Blaha, Telegram hesab\u0131nda, \u0130srail&#8217;in Gazze&#8217;deki katliamlar\u0131nda 10 binden fazla insan\u0131n hayat\u0131na mal oldu\u011funu belirtti. Blaha ayr\u0131ca, \u201c\u0130srail\u201din uluslararas\u0131 hukuku s\u00fcrekli ihlal etmesini umursamayan Bat\u0131l\u0131 siyaset\u00e7ilerin \u00e7ifte standartlar\u0131na &hellip;<\/p>\n","protected":false},"author":39,"featured_media":291622,"comment_status":"closed","ping_status":"closed","sticky":false,"template":"","format":"standard","meta":{"footnotes":""},"categories":[458,459,17988],"tags":[],"class_list":["post-291621","post","type-post","status-publish","format-standard","has-post-thumbnail","","category-dunya1","category-haberler-arap-uluslararasi-politika","category-son-haberler"],"_links":{"self":[{"href":"https:\/\/archive.sana.sy\/tr\/index.php?rest_route=\/wp\/v2\/posts\/291621","targetHints":{"allow":["GET"]}}],"collection":[{"href":"https:\/\/archive.sana.sy\/tr\/index.php?rest_route=\/wp\/v2\/posts"}],"about":[{"href":"https:\/\/archive.sana.sy\/tr\/index.php?rest_route=\/wp\/v2\/types\/post"}],"author":[{"embeddable":true,"href":"https:\/\/archive.sana.sy\/tr\/index.php?rest_route=\/wp\/v2\/users\/39"}],"replies":[{"embeddable":true,"href":"https:\/\/archive.sana.sy\/tr\/index.php?rest_route=%2Fwp%2Fv2%2Fcomments&post=291621"}],"version-history":[{"count":1,"href":"https:\/\/archive.sana.sy\/tr\/index.php?rest_route=\/wp\/v2\/posts\/291621\/revisions"}],"predecessor-version":[{"id":291623,"href":"https:\/\/archive.sana.sy\/tr\/index.php?rest_route=\/wp\/v2\/posts\/291621\/revisions\/291623"}],"wp:featuredmedia":[{"embeddable":true,"href":"https:\/\/archive.sana.sy\/tr\/index.php?rest_route=\/wp\/v2\/media\/291622"}],"wp:attachment":[{"href":"https:\/\/archive.sana.sy\/tr\/index.php?rest_route=%2Fwp%2Fv2%2Fmedia&parent=291621"}],"wp:term":[{"taxonomy":"category","embeddable":true,"href":"https:\/\/archive.sana.sy\/tr\/index.php?rest_route=%2Fwp%2Fv2%2Fcategories&post=291621"},{"taxonomy":"post_tag","embeddable":true,"href":"https:\/\/archive.sana.sy\/tr\/index.php?rest_route=%2Fwp%2Fv2%2Ftags&post=291621"}],"curies":[{"name":"wp","href":"https:\/\/api.w.org\/{rel}","templated":true}]}}