{"id":29165,"date":"2015-04-09T20:49:35","date_gmt":"2015-04-09T17:49:35","guid":{"rendered":"http:\/\/www.sana.sy\/tr\/?p=29165"},"modified":"2015-04-09T20:49:35","modified_gmt":"2015-04-09T17:49:35","slug":"%e2%80%abmoskovada-suriyeliler-arasinda-yapilan-istisare-oturumlarinda-suriye-hukumeti-heyeti-gorusmelerin-gundem-cetvelinin-ikinci-bendi-kapsaminda-terorle-mucadele-mekanizmalarina-iliskin-12-bent","status":"publish","type":"post","link":"https:\/\/archive.sana.sy\/tr\/?p=29165","title":{"rendered":"\u202bMoskova&#8217;da Suriyeliler aras\u0131nda yap\u0131lan isti\u015fare oturumlar\u0131nda Suriye h\u00fck\u00fcmeti heyeti; g\u00f6r\u00fc\u015fmelerin g\u00fcndem cetvelinin ikinci bendi kapsam\u0131nda ter\u00f6rle m\u00fccadele mekanizmalar\u0131na ili\u015fkin 12 bentlik bir belge da\u011f\u0131tt\u0131\u202c\u200f."},"content":{"rendered":"<p>\u202bMoskova&#8217;da Suriyeliler aras\u0131nda yap\u0131lan isti\u015fare oturumlar\u0131nda Suriye h\u00fck\u00fcmeti heyeti; g\u00f6r\u00fc\u015fmelerin g\u00fcndem cetvelinin ikinci bendi kapsam\u0131nda ter\u00f6rle m\u00fccadele mekanizmalar\u0131na ili\u015fkin 12 bentlik bir belge da\u011f\u0131tt\u0131\u202c\u200f.<\/p>\n","protected":false},"excerpt":{"rendered":"<p>\u202bMoskova&#8217;da Suriyeliler aras\u0131nda yap\u0131lan isti\u015fare oturumlar\u0131nda Suriye h\u00fck\u00fcmeti heyeti; g\u00f6r\u00fc\u015fmelerin g\u00fcndem cetvelinin ikinci bendi kapsam\u0131nda ter\u00f6rle m\u00fccadele mekanizmalar\u0131na ili\u015fkin 12 bentlik bir belge da\u011f\u0131tt\u0131\u202c\u200f.<\/p>\n","protected":false},"author":1,"featured_media":0,"comment_status":"closed","ping_status":"closed","sticky":false,"template":"","format":"standard","meta":{"footnotes":""},"categories":[1],"tags":[13498],"class_list":["post-29165","post","type-post","status-publish","format-standard","","category-news-not-sorted","tag-moskovada-suriyeliler-arasinda-yapilan-istisare-oturumlarinda-suriye-hukumeti-heyeti-gorusmelerin-gundem-cetvelinin-ikinci-bendi-kapsaminda-terorle-mucadele-mekanizmalarina-iliskin-12-bentl"],"_links":{"self":[{"href":"https:\/\/archive.sana.sy\/tr\/index.php?rest_route=\/wp\/v2\/posts\/29165","targetHints":{"allow":["GET"]}}],"collection":[{"href":"https:\/\/archive.sana.sy\/tr\/index.php?rest_route=\/wp\/v2\/posts"}],"about":[{"href":"https:\/\/archive.sana.sy\/tr\/index.php?rest_route=\/wp\/v2\/types\/post"}],"author":[{"embeddable":true,"href":"https:\/\/archive.sana.sy\/tr\/index.php?rest_route=\/wp\/v2\/users\/1"}],"replies":[{"embeddable":true,"href":"https:\/\/archive.sana.sy\/tr\/index.php?rest_route=%2Fwp%2Fv2%2Fcomments&post=29165"}],"version-history":[{"count":0,"href":"https:\/\/archive.sana.sy\/tr\/index.php?rest_route=\/wp\/v2\/posts\/29165\/revisions"}],"wp:attachment":[{"href":"https:\/\/archive.sana.sy\/tr\/index.php?rest_route=%2Fwp%2Fv2%2Fmedia&parent=29165"}],"wp:term":[{"taxonomy":"category","embeddable":true,"href":"https:\/\/archive.sana.sy\/tr\/index.php?rest_route=%2Fwp%2Fv2%2Fcategories&post=29165"},{"taxonomy":"post_tag","embeddable":true,"href":"https:\/\/archive.sana.sy\/tr\/index.php?rest_route=%2Fwp%2Fv2%2Ftags&post=29165"}],"curies":[{"name":"wp","href":"https:\/\/api.w.org\/{rel}","templated":true}]}}