{"id":291654,"date":"2023-11-10T09:06:09","date_gmt":"2023-11-10T06:06:09","guid":{"rendered":"https:\/\/sana.sy\/tr\/?p=291654"},"modified":"2023-11-11T09:23:55","modified_gmt":"2023-11-11T06:23:55","slug":"23-ulkeden-katilimla-ikinci-sam-uluslararasi-maratonu-basladi","status":"publish","type":"post","link":"https:\/\/archive.sana.sy\/tr\/?p=291654","title":{"rendered":"23 \u00dclkeden Kat\u0131l\u0131mla&#8230;\u0130kinci \u015eam Uluslararas\u0131 Maratonu Ba\u015flad\u0131"},"content":{"rendered":"<p style=\"text-align: justify;\"><strong>\u015eAM 10 KASIM (SANA)<\/strong> &#8211; Genel Spor Federasyonu Suriye Olimpiyat Komitesi&#8217;nin Turizm Bakanl\u0131\u011f\u0131 i\u015fbirli\u011fiyle d\u00fczenledi\u011fi \u00a0ikinci \u015eam Uluslararas\u0131 Maratonu&#8217;nun, Arap ve yabanc\u0131 23 \u00fclkeden ko\u015fucular\u0131n kat\u0131l\u0131m\u0131yla bug\u00fcn ba\u015flad\u0131.<\/p>\n<p style=\"text-align: justify;\">Dama Rose Oteli \u00f6n\u00fcnden ba\u015flayan maraton, ko\u015fucular\u0131n Emevi Meydan\u0131 ve Mezze Otoyolu&#8217;ndan ge\u00e7erek Victoria K\u00f6pr\u00fcs\u00fc&#8217;ne hareket etmesi ve Turizm Bakanl\u0131\u011f\u0131 \u00f6n\u00fcne var\u0131ncaya kadar ayn\u0131 rota \u00fczerinden tekrar d\u00f6n\u00fc\u015f yapmas\u0131yla ba\u015fl\u0131yor.<\/p>\n<p style=\"text-align: center;\"><strong><a href=\"https:\/\/t.me\/SuriyeArapHaberAjansI\">Telegram Kanal\u0131m\u0131z\u00a0<\/a>||<a href=\"https:\/\/twitter.com\/arap_ajans\">X Platformumuz\u00a0<\/a>||<a href=\"https:\/\/www.facebook.com\/SANAHaberAjansi\/\">Facebook Sayfam\u0131z<\/a><\/strong><\/p>\n","protected":false},"excerpt":{"rendered":"<p>\u015eAM 10 KASIM (SANA) &#8211; Genel Spor Federasyonu Suriye Olimpiyat Komitesi&#8217;nin Turizm Bakanl\u0131\u011f\u0131 i\u015fbirli\u011fiyle d\u00fczenledi\u011fi \u00a0ikinci \u015eam Uluslararas\u0131 Maratonu&#8217;nun, Arap ve yabanc\u0131 23 \u00fclkeden ko\u015fucular\u0131n kat\u0131l\u0131m\u0131yla bug\u00fcn ba\u015flad\u0131. Dama Rose Oteli \u00f6n\u00fcnden ba\u015flayan maraton, ko\u015fucular\u0131n Emevi Meydan\u0131 ve Mezze Otoyolu&#8217;ndan ge\u00e7erek Victoria K\u00f6pr\u00fcs\u00fc&#8217;ne hareket etmesi ve Turizm Bakanl\u0131\u011f\u0131 \u00f6n\u00fcne var\u0131ncaya kadar ayn\u0131 rota \u00fczerinden tekrar &hellip;<\/p>\n","protected":false},"author":36,"featured_media":291655,"comment_status":"closed","ping_status":"closed","sticky":false,"template":"","format":"standard","meta":{"footnotes":""},"categories":[479,17988,478],"tags":[],"class_list":["post-291654","post","type-post","status-publish","format-standard","has-post-thumbnail","","category-haberler-yerel","category-son-haberler","category-yerel"],"_links":{"self":[{"href":"https:\/\/archive.sana.sy\/tr\/index.php?rest_route=\/wp\/v2\/posts\/291654","targetHints":{"allow":["GET"]}}],"collection":[{"href":"https:\/\/archive.sana.sy\/tr\/index.php?rest_route=\/wp\/v2\/posts"}],"about":[{"href":"https:\/\/archive.sana.sy\/tr\/index.php?rest_route=\/wp\/v2\/types\/post"}],"author":[{"embeddable":true,"href":"https:\/\/archive.sana.sy\/tr\/index.php?rest_route=\/wp\/v2\/users\/36"}],"replies":[{"embeddable":true,"href":"https:\/\/archive.sana.sy\/tr\/index.php?rest_route=%2Fwp%2Fv2%2Fcomments&post=291654"}],"version-history":[{"count":2,"href":"https:\/\/archive.sana.sy\/tr\/index.php?rest_route=\/wp\/v2\/posts\/291654\/revisions"}],"predecessor-version":[{"id":291678,"href":"https:\/\/archive.sana.sy\/tr\/index.php?rest_route=\/wp\/v2\/posts\/291654\/revisions\/291678"}],"wp:featuredmedia":[{"embeddable":true,"href":"https:\/\/archive.sana.sy\/tr\/index.php?rest_route=\/wp\/v2\/media\/291655"}],"wp:attachment":[{"href":"https:\/\/archive.sana.sy\/tr\/index.php?rest_route=%2Fwp%2Fv2%2Fmedia&parent=291654"}],"wp:term":[{"taxonomy":"category","embeddable":true,"href":"https:\/\/archive.sana.sy\/tr\/index.php?rest_route=%2Fwp%2Fv2%2Fcategories&post=291654"},{"taxonomy":"post_tag","embeddable":true,"href":"https:\/\/archive.sana.sy\/tr\/index.php?rest_route=%2Fwp%2Fv2%2Ftags&post=291654"}],"curies":[{"name":"wp","href":"https:\/\/api.w.org\/{rel}","templated":true}]}}