{"id":291661,"date":"2023-11-10T13:59:15","date_gmt":"2023-11-10T10:59:15","guid":{"rendered":"https:\/\/sana.sy\/tr\/?p=291661"},"modified":"2023-11-11T09:20:08","modified_gmt":"2023-11-11T06:20:08","slug":"cumhurbaskani-esad-acil-arap-zirvesine-katilmak-uzere-suudi-arabistana-gidiyor","status":"publish","type":"post","link":"https:\/\/archive.sana.sy\/tr\/?p=291661","title":{"rendered":"Cumhurba\u015fkan\u0131 Esad, Acil Arap Zirvesine Kat\u0131lmak \u00dczere Suudi Arabistan&#8217;a Gidiyor"},"content":{"rendered":"<p style=\"text-align: justify;\"><strong>\u015eAM 10 KASIM (SANA) &#8211;<\/strong> Cumhurba\u015fkan\u0131 Be\u015f\u015far Esad, acil Arap zirvesine kat\u0131lmak \u00fczere bug\u00fcn Suudi Arabistan Krall\u0131\u011f\u0131&#8217;na gidiyor.<\/p>\n<p style=\"text-align: justify;\">Yar\u0131n ger\u00e7ekle\u015ftirilecek zirvede, i\u015fgal alt\u0131ndaki Filistin topraklar\u0131ndaki durum ve Gazze \u015eeridi&#8217;nde her g\u00fcn y\u00fczlerce \u015fehit ve yaralanmaya neden olan ve benzeri g\u00f6r\u00fclmemi\u015f bir insani kriz yaratan \u0130srail sald\u0131rganl\u0131\u011f\u0131 ele al\u0131nacak.<\/p>\n<p style=\"text-align: justify;\">D\u00fcn, Arap d\u0131\u015fi\u015fleri bakanlar\u0131 Riyad&#8217;da acil Arap zirvesi i\u00e7in haz\u0131rl\u0131k toplant\u0131lar\u0131n\u0131 ger\u00e7ekle\u015ftirerek, \u0130srail&#8217;in Gazze \u015eeridi&#8217;ne y\u00f6nelik devam eden sald\u0131rganl\u0131\u011f\u0131ndan kaynaklanan geli\u015fmelere ili\u015fkin yar\u0131n Cumartesi g\u00fcn\u00fc yap\u0131lacak zirvede Arap liderlere sunulmas\u0131 planlananan karar tasla\u011f\u0131n\u0131 g\u00f6r\u00fc\u015ft\u00fcler.<\/p>\n<p style=\"text-align: center;\"><strong><a href=\"https:\/\/t.me\/SuriyeArapHaberAjansI\">Telegram Kanal\u0131m\u0131z\u00a0<\/a>||<a href=\"https:\/\/twitter.com\/arap_ajans\">X Platformumuz\u00a0<\/a>||<a href=\"https:\/\/www.facebook.com\/SANAHaberAjansi\/\">Facebook Sayfam\u0131z<\/a><\/strong><\/p>\n","protected":false},"excerpt":{"rendered":"<p>\u015eAM 10 KASIM (SANA) &#8211; Cumhurba\u015fkan\u0131 Be\u015f\u015far Esad, acil Arap zirvesine kat\u0131lmak \u00fczere bug\u00fcn Suudi Arabistan Krall\u0131\u011f\u0131&#8217;na gidiyor. Yar\u0131n ger\u00e7ekle\u015ftirilecek zirvede, i\u015fgal alt\u0131ndaki Filistin topraklar\u0131ndaki durum ve Gazze \u015eeridi&#8217;nde her g\u00fcn y\u00fczlerce \u015fehit ve yaralanmaya neden olan ve benzeri g\u00f6r\u00fclmemi\u015f bir insani kriz yaratan \u0130srail sald\u0131rganl\u0131\u011f\u0131 ele al\u0131nacak. D\u00fcn, Arap d\u0131\u015fi\u015fleri bakanlar\u0131 Riyad&#8217;da acil Arap &hellip;<\/p>\n","protected":false},"author":41,"featured_media":291662,"comment_status":"closed","ping_status":"closed","sticky":false,"template":"","format":"standard","meta":{"footnotes":""},"categories":[606,605],"tags":[40347,38219],"class_list":["post-291661","post","type-post","status-publish","format-standard","has-post-thumbnail","","category-cumhurbaskani","category-sayin-cumhurbaskani","tag-acil-arap-zirvesine-katilmak-uzere-suudi-arabistana-gidiyor","tag-cumhurbaskani-esad"],"_links":{"self":[{"href":"https:\/\/archive.sana.sy\/tr\/index.php?rest_route=\/wp\/v2\/posts\/291661","targetHints":{"allow":["GET"]}}],"collection":[{"href":"https:\/\/archive.sana.sy\/tr\/index.php?rest_route=\/wp\/v2\/posts"}],"about":[{"href":"https:\/\/archive.sana.sy\/tr\/index.php?rest_route=\/wp\/v2\/types\/post"}],"author":[{"embeddable":true,"href":"https:\/\/archive.sana.sy\/tr\/index.php?rest_route=\/wp\/v2\/users\/41"}],"replies":[{"embeddable":true,"href":"https:\/\/archive.sana.sy\/tr\/index.php?rest_route=%2Fwp%2Fv2%2Fcomments&post=291661"}],"version-history":[{"count":5,"href":"https:\/\/archive.sana.sy\/tr\/index.php?rest_route=\/wp\/v2\/posts\/291661\/revisions"}],"predecessor-version":[{"id":291735,"href":"https:\/\/archive.sana.sy\/tr\/index.php?rest_route=\/wp\/v2\/posts\/291661\/revisions\/291735"}],"wp:featuredmedia":[{"embeddable":true,"href":"https:\/\/archive.sana.sy\/tr\/index.php?rest_route=\/wp\/v2\/media\/291662"}],"wp:attachment":[{"href":"https:\/\/archive.sana.sy\/tr\/index.php?rest_route=%2Fwp%2Fv2%2Fmedia&parent=291661"}],"wp:term":[{"taxonomy":"category","embeddable":true,"href":"https:\/\/archive.sana.sy\/tr\/index.php?rest_route=%2Fwp%2Fv2%2Fcategories&post=291661"},{"taxonomy":"post_tag","embeddable":true,"href":"https:\/\/archive.sana.sy\/tr\/index.php?rest_route=%2Fwp%2Fv2%2Ftags&post=291661"}],"curies":[{"name":"wp","href":"https:\/\/api.w.org\/{rel}","templated":true}]}}