{"id":291671,"date":"2023-11-09T22:12:00","date_gmt":"2023-11-09T19:12:00","guid":{"rendered":"https:\/\/sana.sy\/tr\/?p=291671"},"modified":"2023-11-11T09:23:47","modified_gmt":"2023-11-11T06:23:47","slug":"silahli-kuvvetlerimiz-idlib-kirsalindaki-ve-coldeki-teror-karargahlarina-odakli-saldirilar-gerceklestirerek-onlarcasini-imha-etti-ve-karargahlarini-yok-etti","status":"publish","type":"post","link":"https:\/\/archive.sana.sy\/tr\/?p=291671","title":{"rendered":"Silahl\u0131 Kuvvetlerimiz \u0130dlib K\u0131rsal\u0131ndaki Ve \u00c7\u00f6ldeki Ter\u00f6r Karargahlar\u0131na Odakl\u0131 Sald\u0131r\u0131lar Ger\u00e7ekle\u015ftirerek Onlarcas\u0131n\u0131 \u0130mha Etti Ve \u00a0Karargahlar\u0131n\u0131 Yok Etti"},"content":{"rendered":"<p style=\"text-align: justify;\"><strong>\u015eAM 09 KASIM (SANA)<\/strong> &#8211; Silahl\u0131 kuvvetlerimiz, Rus Havac\u0131l\u0131k ve Uzay Kuvvetleri ile i\u015f birli\u011fi i\u00e7erisinde, ter\u00f6r \u00f6rg\u00fctlerinin \u0130dlib k\u0131rsal\u0131 ve Suriye \u00e7\u00f6l\u00fcndeki kararg\u00e2h, depo ve mevzilerini hedef alan yo\u011fun sald\u0131r\u0131lar d\u00fczenledi. Bu da tamamen yok olmas\u0131na ve onlarca ter\u00f6ristin \u00f6ld\u00fcr\u00fclmesine ve yaralanmas\u0131na neden oldu.<\/p>\n<p style=\"text-align: justify;\">Savunma Bakanl\u0131\u011f\u0131, Facebook sayfas\u0131nda video arac\u0131l\u0131\u011f\u0131yla yay\u0131nlanan bir a\u00e7\u0131klamada, &#8220;Ter\u00f6r \u00f6rg\u00fctlerinin tekrarlanan sald\u0131r\u0131lar\u0131na yan\u0131t vermek amac\u0131yla devam eden muharebe misyonlar\u0131 kapsam\u0131nda,Silahl\u0131 kuvvetlerimize ba\u011fl\u0131 birimler, Rus Havac\u0131l\u0131k ve Uzay Kuvvetleri ile i\u015fbirli\u011fi i\u00e7inde, \u0130dlib&#8217;in g\u00fcney, bat\u0131 ve kuzeybat\u0131 k\u0131rsal\u0131ndaki ter\u00f6r \u00f6rg\u00fctlerinin karargahlar\u0131, depolar\u0131 ve tahkimatlar\u0131n\u0131 hedef alan yo\u011fun top\u00e7u sald\u0131r\u0131lar\u0131 d\u00fczenledi. Bu da ekipman\u0131, insans\u0131z hava ara\u00e7lar\u0131 ve m\u00fchimmat\u0131 da dahil olmak \u00fczere tamamen yok olmas\u0131na ve onlarca ter\u00f6ristin \u00f6ld\u00fcr\u00fclmesine ve yaralanmas\u0131na yol a\u00e7t\u0131\u201d dedi.<\/p>\n<p style=\"text-align: justify;\">Bakanl\u0131k ayr\u0131ca, &#8221;Silahl\u0131 kuvvetlerimizin Suriye \u00e7\u00f6l\u00fcne y\u00f6nelik operasyon yapan birlikleri, uygun silah ve ate\u015fli silahlarla ter\u00f6r \u00f6rg\u00fct\u00fcne y\u00f6nelik hedefler belirledi. Bu da d\u00f6rt tekerlekten \u00e7eki\u015fli bir arac\u0131n imha edilmesine ve i\u00e7indeki ter\u00f6ristlerin \u00f6ld\u00fcr\u00fcl\u00fcp yaralanmas\u0131na yol a\u00e7t\u0131&#8221; ifadelerini a\u00e7\u0131klamas\u0131na ekledi.<\/p>\n<p style=\"text-align: justify;\">Bakanl\u0131k a\u00e7\u0131klamas\u0131nda da, &#8221; \u00d6ld\u00fcr\u00fclen ter\u00f6ristlerden,\u00a0 \u00e7o\u011fu s\u00f6zde (T\u00fcrkistan \u0130slam Partisi ve Heyet Tahrir el-\u015eam) \u00f6rg\u00fcte mensup olan: Mahmud El Atiya, Abdullah Kurmizi ve el-Z\u00fcbeyr Ebu Osman el- Faransi, Mahmud Kalido, Ali El-Abra\u015f, Saeed Yash El-H\u00fcseyin, Ebu Eid El-Sayadi, \u0130brahim Nofal, Mahmud Hasram, Ebu Mikdad El-T\u00fcrkistani ve Ebu Raouf El-T\u00fcrkistani, Ebu Musab Ghalioun, Abu Maryum Kafruma, Youssef Qashash ve Marvan Hasan Abu Nofal&#8221; dedi.<\/p>\n<p><iframe loading=\"lazy\" title=\"\u0648\u062d\u062f\u0627\u062a \u0645\u0646 \u0642\u0648\u0627\u062a\u0646\u0627 \u0627\u0644\u0645\u0633\u0644\u062d\u0629 \u062a\u0648\u062c\u0647 \u0636\u0631\u0628\u0627\u062a \u0645\u0631\u0643\u0632\u0629 \u0639\u0644\u0649 \u0645\u0642\u0631\u0627\u062a \u0627\u0644\u0625\u0631\u0647\u0627\u0628\u064a\u064a\u0646 \u0641\u064a \u0631\u064a\u0641 \u0625\u062f\u0644\u0628 \u0648\u0627\u0644\u0628\u0627\u062f\u064a\u0629 \u0627\u0644\u0633\u0648\u0631\u064a\u0629\" width=\"618\" height=\"348\" src=\"https:\/\/www.youtube.com\/embed\/EVemL7_ljjA?feature=oembed\" frameborder=\"0\" allow=\"accelerometer; autoplay; clipboard-write; encrypted-media; gyroscope; picture-in-picture; web-share\" referrerpolicy=\"strict-origin-when-cross-origin\" allowfullscreen><\/iframe><\/p>\n<p style=\"text-align: center;\"><strong><a href=\"https:\/\/t.me\/SuriyeArapHaberAjansI\">Telegram Kanal\u0131m\u0131z\u00a0<\/a>||<a href=\"https:\/\/twitter.com\/arap_ajans\">X Platformumuz\u00a0<\/a>||<a href=\"https:\/\/www.facebook.com\/SANAHaberAjansi\/\">Facebook Sayfam\u0131z<\/a><\/strong><\/p>\n","protected":false},"excerpt":{"rendered":"<p>\u015eAM 09 KASIM (SANA) &#8211; Silahl\u0131 kuvvetlerimiz, Rus Havac\u0131l\u0131k ve Uzay Kuvvetleri ile i\u015f birli\u011fi i\u00e7erisinde, ter\u00f6r \u00f6rg\u00fctlerinin \u0130dlib k\u0131rsal\u0131 ve Suriye \u00e7\u00f6l\u00fcndeki kararg\u00e2h, depo ve mevzilerini hedef alan yo\u011fun sald\u0131r\u0131lar d\u00fczenledi. Bu da tamamen yok olmas\u0131na ve onlarca ter\u00f6ristin \u00f6ld\u00fcr\u00fclmesine ve yaralanmas\u0131na neden oldu. Savunma Bakanl\u0131\u011f\u0131, Facebook sayfas\u0131nda video arac\u0131l\u0131\u011f\u0131yla yay\u0131nlanan bir a\u00e7\u0131klamada, &#8220;Ter\u00f6r &hellip;<\/p>\n","protected":false},"author":41,"featured_media":291672,"comment_status":"closed","ping_status":"closed","sticky":false,"template":"","format":"standard","meta":{"footnotes":""},"categories":[479,575,17988,478],"tags":[40348],"class_list":["post-291671","post","type-post","status-publish","format-standard","has-post-thumbnail","","category-haberler-yerel","category-olaylar-ve-gercekler","category-son-haberler","category-yerel","tag-silahli-kuvvetlerimiz-idlib-kirsalindaki-ve-coldeki-teror-karargahlarina-odakli-saldirilar-gerceklestirerek-onlarcasini-imha-etti-ve-karargahlarini-yok-etti"],"_links":{"self":[{"href":"https:\/\/archive.sana.sy\/tr\/index.php?rest_route=\/wp\/v2\/posts\/291671","targetHints":{"allow":["GET"]}}],"collection":[{"href":"https:\/\/archive.sana.sy\/tr\/index.php?rest_route=\/wp\/v2\/posts"}],"about":[{"href":"https:\/\/archive.sana.sy\/tr\/index.php?rest_route=\/wp\/v2\/types\/post"}],"author":[{"embeddable":true,"href":"https:\/\/archive.sana.sy\/tr\/index.php?rest_route=\/wp\/v2\/users\/41"}],"replies":[{"embeddable":true,"href":"https:\/\/archive.sana.sy\/tr\/index.php?rest_route=%2Fwp%2Fv2%2Fcomments&post=291671"}],"version-history":[{"count":1,"href":"https:\/\/archive.sana.sy\/tr\/index.php?rest_route=\/wp\/v2\/posts\/291671\/revisions"}],"predecessor-version":[{"id":291673,"href":"https:\/\/archive.sana.sy\/tr\/index.php?rest_route=\/wp\/v2\/posts\/291671\/revisions\/291673"}],"wp:featuredmedia":[{"embeddable":true,"href":"https:\/\/archive.sana.sy\/tr\/index.php?rest_route=\/wp\/v2\/media\/291672"}],"wp:attachment":[{"href":"https:\/\/archive.sana.sy\/tr\/index.php?rest_route=%2Fwp%2Fv2%2Fmedia&parent=291671"}],"wp:term":[{"taxonomy":"category","embeddable":true,"href":"https:\/\/archive.sana.sy\/tr\/index.php?rest_route=%2Fwp%2Fv2%2Fcategories&post=291671"},{"taxonomy":"post_tag","embeddable":true,"href":"https:\/\/archive.sana.sy\/tr\/index.php?rest_route=%2Fwp%2Fv2%2Ftags&post=291671"}],"curies":[{"name":"wp","href":"https:\/\/api.w.org\/{rel}","templated":true}]}}