{"id":29169,"date":"2015-04-09T21:02:19","date_gmt":"2015-04-09T18:02:19","guid":{"rendered":"http:\/\/www.sana.sy\/tr\/?p=29169"},"modified":"2015-04-09T21:02:20","modified_gmt":"2015-04-09T18:02:20","slug":"ulebi-valilik-insani-yardim-calismalarina-kolaylik-saglamaya-onem-veriyor","status":"publish","type":"post","link":"https:\/\/archive.sana.sy\/tr\/?p=29169","title":{"rendered":"Ulebi: Valilik \u0130nsani Yard\u0131m \u00c7al\u0131\u015fmalar\u0131na Kolayl\u0131k Sa\u011flamaya \u00d6nem Veriyor"},"content":{"rendered":"<p>HALEP \u2013 Halep Valisi Muhammed Mervan Ulebi, Uluslararas\u0131 K\u0131z\u0131lha\u00e7 \u00d6rg\u00fct\u00fc Suriye Temsilcisi Mariyan Gaser ile bir araya gelerek Halep\u2019te insani yard\u0131m \u00e7al\u0131\u015fmalar\u0131n\u0131n durumunu ve ter\u00f6r ma\u011fdurlar\u0131n\u0131n ya\u015fad\u0131klar\u0131 s\u0131k\u0131nt\u0131lar\u0131 hafifletmek i\u00e7in i\u015fbirli\u011fi olanaklar\u0131n\u0131 inceledi.<\/p>\n<p>K\u0131z\u0131lha\u00e7 \u00f6rg\u00fct\u00fcn\u00fcn \u00f6n\u00fcm\u00fczdeki s\u00fcre\u00e7te bir dizi alandaki \u00e7al\u0131\u015fma program\u0131na ili\u015fkin bilgi veren Gaser, K\u0131z\u0131lha\u00e7 \u00d6rg\u00fct\u00fcn\u00fcn \u00e7al\u0131\u015fmalar\u0131n\u0131n insani yard\u0131m, t\u0131bbi yard\u0131m ve binalar\u0131n onar\u0131lmas\u0131na ili\u015fkin yard\u0131m temin etmeye odakland\u0131\u011f\u0131n\u0131 belirtti.<\/p>\n<p>\u00d6te yandan valili\u011fin uluslararas\u0131 insani yard\u0131m \u00f6rg\u00fctlerinin \u00e7al\u0131\u015fmalar\u0131nda kolayl\u0131k sa\u011flamaya \u00f6nem verdi\u011fini ifade eden Ulebi, K\u0131z\u0131lha\u00e7 \u00f6rg\u00fct\u00fcn\u00fcn ve di\u011fer b\u00fct\u00fcn insani yard\u0131m \u00f6rg\u00fctlerinin ter\u00f6r ma\u011fdurlar\u0131n\u0131n ac\u0131lar\u0131n\u0131 hafifletme \u00e7abalar\u0131n\u0131n ba\u015far\u0131l\u0131 olmas\u0131n\u0131n \u00f6nemini vurgulad\u0131.<\/p>\n<p>F.B. &#8211; M.M.<\/p>\n","protected":false},"excerpt":{"rendered":"<p>HALEP \u2013 Halep Valisi Muhammed Mervan Ulebi, Uluslararas\u0131 K\u0131z\u0131lha\u00e7 \u00d6rg\u00fct\u00fc Suriye Temsilcisi Mariyan Gaser ile bir araya gelerek Halep\u2019te insani yard\u0131m \u00e7al\u0131\u015fmalar\u0131n\u0131n durumunu ve ter\u00f6r ma\u011fdurlar\u0131n\u0131n ya\u015fad\u0131klar\u0131 s\u0131k\u0131nt\u0131lar\u0131 hafifletmek i\u00e7in i\u015fbirli\u011fi olanaklar\u0131n\u0131 inceledi. K\u0131z\u0131lha\u00e7 \u00f6rg\u00fct\u00fcn\u00fcn \u00f6n\u00fcm\u00fczdeki s\u00fcre\u00e7te bir dizi alandaki \u00e7al\u0131\u015fma program\u0131na ili\u015fkin bilgi veren Gaser, K\u0131z\u0131lha\u00e7 \u00d6rg\u00fct\u00fcn\u00fcn \u00e7al\u0131\u015fmalar\u0131n\u0131n insani yard\u0131m, t\u0131bbi yard\u0131m ve binalar\u0131n &hellip;<\/p>\n","protected":false},"author":1,"featured_media":29168,"comment_status":"closed","ping_status":"closed","sticky":false,"template":"","format":"standard","meta":{"footnotes":""},"categories":[479,478],"tags":[13500,13499,13501],"class_list":["post-29169","post","type-post","status-publish","format-standard","has-post-thumbnail","","category-haberler-yerel","category-yerel","tag-halep-halep-valisi-muhammed-mervan-ulebi","tag-ulebi-valilik-insani-yardim-calismalarina-kolaylik-saglamaya-onem-veriyor","tag-uluslararasi-kizilhac-orgutu-suriye-temsilcisi-mariyan-gaser-ile-bir-araya-gelerek-halepte-insani-yardim-calismalarinin-durumunu-ve-teror-magdurlarinin-yasadiklari-sikintilari-hafifletmek-ici"],"_links":{"self":[{"href":"https:\/\/archive.sana.sy\/tr\/index.php?rest_route=\/wp\/v2\/posts\/29169","targetHints":{"allow":["GET"]}}],"collection":[{"href":"https:\/\/archive.sana.sy\/tr\/index.php?rest_route=\/wp\/v2\/posts"}],"about":[{"href":"https:\/\/archive.sana.sy\/tr\/index.php?rest_route=\/wp\/v2\/types\/post"}],"author":[{"embeddable":true,"href":"https:\/\/archive.sana.sy\/tr\/index.php?rest_route=\/wp\/v2\/users\/1"}],"replies":[{"embeddable":true,"href":"https:\/\/archive.sana.sy\/tr\/index.php?rest_route=%2Fwp%2Fv2%2Fcomments&post=29169"}],"version-history":[{"count":0,"href":"https:\/\/archive.sana.sy\/tr\/index.php?rest_route=\/wp\/v2\/posts\/29169\/revisions"}],"wp:featuredmedia":[{"embeddable":true,"href":"https:\/\/archive.sana.sy\/tr\/index.php?rest_route=\/wp\/v2\/media\/29168"}],"wp:attachment":[{"href":"https:\/\/archive.sana.sy\/tr\/index.php?rest_route=%2Fwp%2Fv2%2Fmedia&parent=29169"}],"wp:term":[{"taxonomy":"category","embeddable":true,"href":"https:\/\/archive.sana.sy\/tr\/index.php?rest_route=%2Fwp%2Fv2%2Fcategories&post=29169"},{"taxonomy":"post_tag","embeddable":true,"href":"https:\/\/archive.sana.sy\/tr\/index.php?rest_route=%2Fwp%2Fv2%2Ftags&post=29169"}],"curies":[{"name":"wp","href":"https:\/\/api.w.org\/{rel}","templated":true}]}}