{"id":291692,"date":"2023-11-10T08:23:22","date_gmt":"2023-11-10T05:23:22","guid":{"rendered":"https:\/\/sana.sy\/tr\/?p=291692"},"modified":"2023-11-11T09:23:52","modified_gmt":"2023-11-11T06:23:52","slug":"gazze-seridindeki-saldirganligi-reddeden-binlerce-insan-haklari-aktivisti-amerikan-sehirlerinde-gosteri-yapti","status":"publish","type":"post","link":"https:\/\/archive.sana.sy\/tr\/?p=291692","title":{"rendered":"Gazze \u015eeridi&#8217;ndeki Sald\u0131rganl\u0131\u011f\u0131 Reddeden Binlerce \u0130nsan Haklar\u0131 Aktivisti Amerikan \u015eehirlerinde G\u00f6steri Yapt\u0131"},"content":{"rendered":"<p style=\"text-align: justify;\"><strong>WASH\u0130NGTON 10 KASIM (SANA)<\/strong> &#8211; Binlerce insan haklar\u0131 aktivisti, \u0130srail&#8217;in Filistin halk\u0131na y\u00f6nelik devam eden sald\u0131rganl\u0131\u011f\u0131n\u0131 reddetmek ve Gazze \u015eeridi&#8217;nde m\u00fcmk\u00fcn olan en k\u0131sa s\u00fcrede ate\u015fkes talep etmek i\u00e7in Amerika Birle\u015fik Devletleri&#8217;nde g\u00f6steri yapt\u0131.<\/p>\n<p style=\"text-align: justify;\">Wafa Ajans\u0131, \u2018\u2019Binlerce insan haklar\u0131 aktivisti ABD Ba\u015fkan\u0131 Joe Biden&#8217;\u0131n Chicago, Illinois ziyareti s\u0131ras\u0131nda g\u00f6steri yapt\u0131. Polis, Filistin bayra\u011f\u0131n\u0131 g\u00f6ndere \u00e7eken g\u00f6stericilerin, sesini Amerikan y\u00f6netimine iletmek \u00fczere Ba\u015fkan Biden&#8217;\u0131n bulundu\u011fu yere ula\u015fmas\u0131n\u0131 engelledi. G\u00f6stericiler, \u0130srail&#8217;in Gazze \u015eeridi&#8217;nde Filistinlilere y\u00f6nelik on binlerce \u015fehit ve yaral\u0131n\u0131n hayat\u0131na mal olan sald\u0131rganl\u0131\u011f\u0131n\u0131 reddettiklerini ifade ettiler\u2019\u2019 dedi.<\/p>\n<p style=\"text-align: justify;\">Ayn\u0131 ba\u011flamda, \u0130srail&#8217;in devam eden sald\u0131rganl\u0131\u011f\u0131na otuz be\u015finci g\u00fcnde son verilmesi talebiyle yar\u0131n yap\u0131lacak b\u00fcy\u00fck y\u00fcr\u00fcy\u00fc\u015f haz\u0131rl\u0131klar\u0131 kapsam\u0131nda, ba\u015fta New York, Texas ve Boston olmak \u00fczere bir\u00e7ok Amerikan \u015fehrinde \u00e7ok say\u0131da g\u00f6steri d\u00fczenlendi.<\/p>\n<p style=\"text-align: center;\"><strong><a href=\"https:\/\/t.me\/SuriyeArapHaberAjansI\">Telegram Kanal\u0131m\u0131z\u00a0<\/a>||<a href=\"https:\/\/twitter.com\/arap_ajans\">X Platformumuz\u00a0<\/a>||<a href=\"https:\/\/www.facebook.com\/SANAHaberAjansi\/\">Facebook Sayfam\u0131z<\/a><\/strong><\/p>\n","protected":false},"excerpt":{"rendered":"<p>WASH\u0130NGTON 10 KASIM (SANA) &#8211; Binlerce insan haklar\u0131 aktivisti, \u0130srail&#8217;in Filistin halk\u0131na y\u00f6nelik devam eden sald\u0131rganl\u0131\u011f\u0131n\u0131 reddetmek ve Gazze \u015eeridi&#8217;nde m\u00fcmk\u00fcn olan en k\u0131sa s\u00fcrede ate\u015fkes talep etmek i\u00e7in Amerika Birle\u015fik Devletleri&#8217;nde g\u00f6steri yapt\u0131. Wafa Ajans\u0131, \u2018\u2019Binlerce insan haklar\u0131 aktivisti ABD Ba\u015fkan\u0131 Joe Biden&#8217;\u0131n Chicago, Illinois ziyareti s\u0131ras\u0131nda g\u00f6steri yapt\u0131. Polis, Filistin bayra\u011f\u0131n\u0131 g\u00f6ndere \u00e7eken &hellip;<\/p>\n","protected":false},"author":41,"featured_media":291693,"comment_status":"closed","ping_status":"closed","sticky":false,"template":"","format":"standard","meta":{"footnotes":""},"categories":[458,459,17988],"tags":[40354],"class_list":["post-291692","post","type-post","status-publish","format-standard","has-post-thumbnail","","category-dunya1","category-haberler-arap-uluslararasi-politika","category-son-haberler","tag-gazze-seridindeki-saldirganligi-reddeden-binlerce-insan-haklari-aktivisti-amerikan-sehirlerinde-gosteri-yapti"],"_links":{"self":[{"href":"https:\/\/archive.sana.sy\/tr\/index.php?rest_route=\/wp\/v2\/posts\/291692","targetHints":{"allow":["GET"]}}],"collection":[{"href":"https:\/\/archive.sana.sy\/tr\/index.php?rest_route=\/wp\/v2\/posts"}],"about":[{"href":"https:\/\/archive.sana.sy\/tr\/index.php?rest_route=\/wp\/v2\/types\/post"}],"author":[{"embeddable":true,"href":"https:\/\/archive.sana.sy\/tr\/index.php?rest_route=\/wp\/v2\/users\/41"}],"replies":[{"embeddable":true,"href":"https:\/\/archive.sana.sy\/tr\/index.php?rest_route=%2Fwp%2Fv2%2Fcomments&post=291692"}],"version-history":[{"count":2,"href":"https:\/\/archive.sana.sy\/tr\/index.php?rest_route=\/wp\/v2\/posts\/291692\/revisions"}],"predecessor-version":[{"id":291695,"href":"https:\/\/archive.sana.sy\/tr\/index.php?rest_route=\/wp\/v2\/posts\/291692\/revisions\/291695"}],"wp:featuredmedia":[{"embeddable":true,"href":"https:\/\/archive.sana.sy\/tr\/index.php?rest_route=\/wp\/v2\/media\/291693"}],"wp:attachment":[{"href":"https:\/\/archive.sana.sy\/tr\/index.php?rest_route=%2Fwp%2Fv2%2Fmedia&parent=291692"}],"wp:term":[{"taxonomy":"category","embeddable":true,"href":"https:\/\/archive.sana.sy\/tr\/index.php?rest_route=%2Fwp%2Fv2%2Fcategories&post=291692"},{"taxonomy":"post_tag","embeddable":true,"href":"https:\/\/archive.sana.sy\/tr\/index.php?rest_route=%2Fwp%2Fv2%2Ftags&post=291692"}],"curies":[{"name":"wp","href":"https:\/\/api.w.org\/{rel}","templated":true}]}}