{"id":291750,"date":"2023-11-11T13:01:05","date_gmt":"2023-11-11T10:01:05","guid":{"rendered":"https:\/\/sana.sy\/tr\/?p=291750"},"modified":"2023-11-13T10:50:59","modified_gmt":"2023-11-13T07:50:59","slug":"cumhurbaskani-esad-irak-cumhurbaskani-abdul-latif-resid-ile-gorustu","status":"publish","type":"post","link":"https:\/\/archive.sana.sy\/tr\/?p=291750","title":{"rendered":"Cumhurba\u015fkan\u0131 Esad, Irak Cumhurba\u015fkan\u0131 Abdullatif Re\u015fid \u0130le G\u00f6r\u00fc\u015ft\u00fc"},"content":{"rendered":"<p style=\"text-align: justify;\"><strong>R\u0130YAD 11 KASIM 2023 (SANA)<\/strong> \u2013 Say\u0131n Cumhurba\u015fkan\u0131 Be\u015f\u015far Esad, Irak Devlet Ba\u015fkan\u0131 Abdullatif Re\u015fid ile Suudi ba\u015fkenti Riyad&#8217;daki konutunda bir araya geldi ve onunla \u0130srail&#8217;in Filistin halk\u0131na y\u00f6nelik sald\u0131rganl\u0131\u011f\u0131n\u0131 durdurmak i\u00e7in Araplar\u0131n \u00fcstlenmesi gereken rol\u00fc g\u00f6r\u00fc\u015ft\u00fc.<\/p>\n<p style=\"text-align: justify;\">Cumhurba\u015fkan\u0131 Esad, \u0130srail&#8217;in \u00f6l\u00fcm makinesini cesaretlendiren \u015feyin Bat\u0131&#8217;n\u0131n su\u00e7 ortakl\u0131\u011f\u0131 oldu\u011funu ve bunun da Gazze \u015eeridi&#8217;ndeki her t\u00fcrl\u00fc su\u00e7u ve y\u0131k\u0131m\u0131 me\u015frula\u015ft\u0131rd\u0131\u011f\u0131n\u0131 belirtirken, ABD ve Bat\u0131&#8217;n\u0131n katliamlar\u0131n ger\u00e7ekle\u015ftirilmesine yard\u0131mc\u0131 olan destek ara\u00e7lar\u0131 sa\u011flad\u0131\u011f\u0131n\u0131, ayr\u0131ca her g\u00fcn kad\u0131n, \u00e7ocuk ve ya\u015fl\u0131lar\u0131 hedef alan ve soyk\u0131r\u0131m anlam\u0131na gelen bu katliamlara siyasi k\u0131l\u0131f sa\u011flad\u0131\u011f\u0131n\u0131 vurgulad\u0131.<\/p>\n<p style=\"text-align: justify;\"><img loading=\"lazy\" decoding=\"async\" class=\"size-medium wp-image-291751 alignright\" src=\"http:\/\/sana.sy\/tr\/wp-content\/uploads\/2023\/11\/4-1-300x144.jpg\" alt=\"\" width=\"300\" height=\"144\" srcset=\"https:\/\/archive.sana.sy\/tr\/wp-content\/uploads\/2023\/11\/4-1-300x144.jpg 300w, https:\/\/archive.sana.sy\/tr\/wp-content\/uploads\/2023\/11\/4-1.jpg 660w\" sizes=\"auto, (max-width: 300px) 100vw, 300px\" \/>Cumhurba\u015fkan\u0131 Esad ayr\u0131ca,\u00a0 &#8220;\u0130srail varl\u0131\u011f\u0131n\u0131n Filistinlilerin toprak ve devlet haklar\u0131n\u0131 gasp etmesi, Suriye ve L\u00fcbnan topraklar\u0131n\u0131 i\u015fgal etmesi, b\u00f6lgedeki t\u00fcm sorunlar\u0131n temel ve kal\u0131c\u0131 nedenidir&#8221; dedi.<\/p>\n<p style=\"text-align: justify;\">Irak Cumhurba\u015fkan\u0131 ise, i\u015fgalci \u0130srail Gazze&#8217;de ve di\u011fer Filistin topraklar\u0131nda ger\u00e7ekle\u015ftirdi\u011fi soyk\u0131r\u0131m sava\u015f\u0131yla ilgili g\u00f6r\u00fc\u015f benzerli\u011fini dile getirerek, bunu durdurman\u0131n ve Filistin halk\u0131n\u0131n me\u015fru haklar\u0131n\u0131 garanti alt\u0131na alman\u0131n gereklili\u011fini vurgulad\u0131.<\/p>\n<p style=\"text-align: justify;\">\u0130ki cumhurba\u015fkan\u0131, iki karde\u015f \u00fclke aras\u0131ndaki ikili ili\u015fkileri de g\u00f6zden ge\u00e7irdi ve bu ili\u015fkilerin, iki \u00fclkenin ve iki karde\u015f halk\u0131n istek ve \u00e7\u0131karlar\u0131na cevap verecek \u015fekilde her alanda geli\u015ftirilmesi i\u00e7in m\u00fcmk\u00fcn olan her \u015feyin yap\u0131lmas\u0131 konusunda mutabakata vard\u0131lar.<\/p>\n<p style=\"text-align: center;\"><strong><a href=\"https:\/\/t.me\/SuriyeArapHaberAjansI\">Telegram Kanal\u0131m\u0131z\u00a0<\/a>||<a href=\"https:\/\/twitter.com\/arap_ajans\">X Platformumuz\u00a0<\/a>||<a href=\"https:\/\/www.facebook.com\/SANAHaberAjansi\/\">Facebook Sayfam\u0131z<\/a><\/strong><\/p>\n","protected":false},"excerpt":{"rendered":"<p>R\u0130YAD 11 KASIM 2023 (SANA) \u2013 Say\u0131n Cumhurba\u015fkan\u0131 Be\u015f\u015far Esad, Irak Devlet Ba\u015fkan\u0131 Abdullatif Re\u015fid ile Suudi ba\u015fkenti Riyad&#8217;daki konutunda bir araya geldi ve onunla \u0130srail&#8217;in Filistin halk\u0131na y\u00f6nelik sald\u0131rganl\u0131\u011f\u0131n\u0131 durdurmak i\u00e7in Araplar\u0131n \u00fcstlenmesi gereken rol\u00fc g\u00f6r\u00fc\u015ft\u00fc. Cumhurba\u015fkan\u0131 Esad, \u0130srail&#8217;in \u00f6l\u00fcm makinesini cesaretlendiren \u015feyin Bat\u0131&#8217;n\u0131n su\u00e7 ortakl\u0131\u011f\u0131 oldu\u011funu ve bunun da Gazze \u015eeridi&#8217;ndeki her t\u00fcrl\u00fc &hellip;<\/p>\n","protected":false},"author":36,"featured_media":291752,"comment_status":"closed","ping_status":"closed","sticky":false,"template":"","format":"standard","meta":{"footnotes":""},"categories":[606,458,459,605],"tags":[],"class_list":["post-291750","post","type-post","status-publish","format-standard","has-post-thumbnail","","category-cumhurbaskani","category-dunya1","category-haberler-arap-uluslararasi-politika","category-sayin-cumhurbaskani"],"_links":{"self":[{"href":"https:\/\/archive.sana.sy\/tr\/index.php?rest_route=\/wp\/v2\/posts\/291750","targetHints":{"allow":["GET"]}}],"collection":[{"href":"https:\/\/archive.sana.sy\/tr\/index.php?rest_route=\/wp\/v2\/posts"}],"about":[{"href":"https:\/\/archive.sana.sy\/tr\/index.php?rest_route=\/wp\/v2\/types\/post"}],"author":[{"embeddable":true,"href":"https:\/\/archive.sana.sy\/tr\/index.php?rest_route=\/wp\/v2\/users\/36"}],"replies":[{"embeddable":true,"href":"https:\/\/archive.sana.sy\/tr\/index.php?rest_route=%2Fwp%2Fv2%2Fcomments&post=291750"}],"version-history":[{"count":4,"href":"https:\/\/archive.sana.sy\/tr\/index.php?rest_route=\/wp\/v2\/posts\/291750\/revisions"}],"predecessor-version":[{"id":291757,"href":"https:\/\/archive.sana.sy\/tr\/index.php?rest_route=\/wp\/v2\/posts\/291750\/revisions\/291757"}],"wp:featuredmedia":[{"embeddable":true,"href":"https:\/\/archive.sana.sy\/tr\/index.php?rest_route=\/wp\/v2\/media\/291752"}],"wp:attachment":[{"href":"https:\/\/archive.sana.sy\/tr\/index.php?rest_route=%2Fwp%2Fv2%2Fmedia&parent=291750"}],"wp:term":[{"taxonomy":"category","embeddable":true,"href":"https:\/\/archive.sana.sy\/tr\/index.php?rest_route=%2Fwp%2Fv2%2Fcategories&post=291750"},{"taxonomy":"post_tag","embeddable":true,"href":"https:\/\/archive.sana.sy\/tr\/index.php?rest_route=%2Fwp%2Fv2%2Ftags&post=291750"}],"curies":[{"name":"wp","href":"https:\/\/api.w.org\/{rel}","templated":true}]}}