{"id":29176,"date":"2015-04-10T13:27:06","date_gmt":"2015-04-10T10:27:06","guid":{"rendered":"http:\/\/www.sana.sy\/tr\/?p=29176"},"modified":"2015-04-10T13:27:06","modified_gmt":"2015-04-10T10:27:06","slug":"yermukte-bulunan-teror-magdurlari-icin-butun-imkanlar-seferber-edildi","status":"publish","type":"post","link":"https:\/\/archive.sana.sy\/tr\/?p=29176","title":{"rendered":"Yerm\u00fck\u2019te Bulunan Ter\u00f6r Ma\u011fdurlar\u0131 \u0130\u00e7in B\u00fct\u00fcn \u0130mkanlar Seferber Edildi"},"content":{"rendered":"<p>\u015eAM \u2013 Filistinli Arap M\u00fclteciler Kurumu ve Filistinli M\u00fcltecilere Yard\u0131m ve \u00c7al\u0131\u015ft\u0131rma Ajans\u0131 UNRWA Suriye h\u00fck\u00fcmetinin deste\u011fi ve \u0130nsani Yard\u0131m Y\u00fcksek Komisyonunun g\u00f6zetimi alt\u0131nda Yerm\u00fck semti sakinlerine g\u0131da, t\u0131bbi ve temel ihtiya\u00e7 malzemelerinden olu\u015fan yard\u0131m paketlerini da\u011f\u0131tmaya devam etti.<\/p>\n<p>Filistinli Arap M\u00fclteciler Kurumu M\u00fcd\u00fcr\u00fc Ali Mustafa, SANA\u2019ya yapt\u0131\u011f\u0131 a\u00e7\u0131klamada yard\u0131m da\u011f\u0131t\u0131m\u0131n\u0131n Yerm\u00fck semtinin Tadamon b\u00f6lgesindeki Zeynep Hilaliye Merkezinde yap\u0131ld\u0131\u011f\u0131n\u0131 ifade ederek ayr\u0131ca Filistin K\u0131z\u0131lay \u00d6rg\u00fct\u00fcn\u00fcn de t\u0131bbi yard\u0131m sa\u011flad\u0131\u011f\u0131n\u0131 beyan etti.<\/p>\n<p>Sivil yard\u0131m \u00f6rg\u00fctleri, Suriye K\u0131z\u0131lay \u00d6rg\u00fct\u00fc ve hay\u0131r cemiyetlerinin ter\u00f6r\u00fcn karanl\u0131k ve zul\u00fcm ablukas\u0131 alt\u0131nda bulunan Yerm\u00fck semtinden \u00e7\u0131kmay\u0131 ba\u015faran sivil vatanda\u015flar\u0131n ihtiya\u00e7lar\u0131n\u0131 kar\u015f\u0131lamay\u0131 s\u00fcrd\u00fcrd\u00fc\u011f\u00fcne de\u011finen Mustafa; Yerm\u00fck semtinde bulunan b\u00fct\u00fcn ter\u00f6r ma\u011fdurlar\u0131na yard\u0131m ula\u015ft\u0131rmak i\u00e7in b\u00fct\u00fcn imk\u00e2nlar\u0131n seferber edildi\u011fini vurgulad\u0131.<\/p>\n<p>F.B.- R.H.<\/p>\n","protected":false},"excerpt":{"rendered":"<p>\u015eAM \u2013 Filistinli Arap M\u00fclteciler Kurumu ve Filistinli M\u00fcltecilere Yard\u0131m ve \u00c7al\u0131\u015ft\u0131rma Ajans\u0131 UNRWA Suriye h\u00fck\u00fcmetinin deste\u011fi ve \u0130nsani Yard\u0131m Y\u00fcksek Komisyonunun g\u00f6zetimi alt\u0131nda Yerm\u00fck semti sakinlerine g\u0131da, t\u0131bbi ve temel ihtiya\u00e7 malzemelerinden olu\u015fan yard\u0131m paketlerini da\u011f\u0131tmaya devam etti. Filistinli Arap M\u00fclteciler Kurumu M\u00fcd\u00fcr\u00fc Ali Mustafa, SANA\u2019ya yapt\u0131\u011f\u0131 a\u00e7\u0131klamada yard\u0131m da\u011f\u0131t\u0131m\u0131n\u0131n Yerm\u00fck semtinin Tadamon b\u00f6lgesindeki &hellip;<\/p>\n","protected":false},"author":1,"featured_media":29177,"comment_status":"closed","ping_status":"closed","sticky":false,"template":"","format":"standard","meta":{"footnotes":""},"categories":[479,575,478],"tags":[13505,13504],"class_list":["post-29176","post","type-post","status-publish","format-standard","has-post-thumbnail","","category-haberler-yerel","category-olaylar-ve-gercekler","category-yerel","tag-tibbi-ve-temel-ihtiyac-malzemelerinden-olusan-yardim-paketlerini-dagitmaya-devam-etti","tag-yermukte-bulunan-teror-magdurlari-icin-butun-imkanlar-seferber-edildi-sam-filistinli-arap-multeciler-kurumu-ve-filistinli-multecilere-yardim-ve-calistirma-ajansi-unrwa-suriye-hukume"],"_links":{"self":[{"href":"https:\/\/archive.sana.sy\/tr\/index.php?rest_route=\/wp\/v2\/posts\/29176","targetHints":{"allow":["GET"]}}],"collection":[{"href":"https:\/\/archive.sana.sy\/tr\/index.php?rest_route=\/wp\/v2\/posts"}],"about":[{"href":"https:\/\/archive.sana.sy\/tr\/index.php?rest_route=\/wp\/v2\/types\/post"}],"author":[{"embeddable":true,"href":"https:\/\/archive.sana.sy\/tr\/index.php?rest_route=\/wp\/v2\/users\/1"}],"replies":[{"embeddable":true,"href":"https:\/\/archive.sana.sy\/tr\/index.php?rest_route=%2Fwp%2Fv2%2Fcomments&post=29176"}],"version-history":[{"count":0,"href":"https:\/\/archive.sana.sy\/tr\/index.php?rest_route=\/wp\/v2\/posts\/29176\/revisions"}],"wp:featuredmedia":[{"embeddable":true,"href":"https:\/\/archive.sana.sy\/tr\/index.php?rest_route=\/wp\/v2\/media\/29177"}],"wp:attachment":[{"href":"https:\/\/archive.sana.sy\/tr\/index.php?rest_route=%2Fwp%2Fv2%2Fmedia&parent=29176"}],"wp:term":[{"taxonomy":"category","embeddable":true,"href":"https:\/\/archive.sana.sy\/tr\/index.php?rest_route=%2Fwp%2Fv2%2Fcategories&post=29176"},{"taxonomy":"post_tag","embeddable":true,"href":"https:\/\/archive.sana.sy\/tr\/index.php?rest_route=%2Fwp%2Fv2%2Ftags&post=29176"}],"curies":[{"name":"wp","href":"https:\/\/api.w.org\/{rel}","templated":true}]}}