{"id":291768,"date":"2023-11-11T16:35:56","date_gmt":"2023-11-11T13:35:56","guid":{"rendered":"https:\/\/sana.sy\/tr\/?p=291768"},"modified":"2023-11-12T12:37:29","modified_gmt":"2023-11-12T09:37:29","slug":"cumhurbaskani-esadin-katilimiyla-isgal-altindaki-filistin-topraklarindaki-durumun-tartisilacagi-olaganustu-arap-islam-zirvesi-basladi","status":"publish","type":"post","link":"https:\/\/archive.sana.sy\/tr\/?p=291768","title":{"rendered":"Cumhurba\u015fkan\u0131 Esad&#8217;\u0131n Kat\u0131l\u0131m\u0131yla \u0130\u015fgal Alt\u0131ndaki Filistin Topraklar\u0131ndaki Durumun G\u00f6r\u00fc\u015f\u00fclece\u011fi Ola\u011fan\u00fcst\u00fc Arap-\u0130slam Zirvesi Ba\u015flad\u0131"},"content":{"rendered":"<p style=\"text-align: justify;\"><strong>R\u0130YAD 11 KASIM (SANA)<\/strong> &#8211; \u0130\u015fgal alt\u0131ndaki Filistin topraklar\u0131ndaki durumu g\u00f6r\u00fc\u015fmek \u00fczere Cumhurba\u015fkan\u0131 Be\u015far Esad&#8217;\u0131n kat\u0131l\u0131m\u0131yla bug\u00fcn Suudi ba\u015fkenti Riyad&#8217;da ola\u011fan\u00fcst\u00fc Arap-\u0130slam zirvesi ba\u015flad\u0131.<\/p>\n<p style=\"text-align: justify;\"><img loading=\"lazy\" decoding=\"async\" class=\"size-full wp-image-291770 alignright\" src=\"http:\/\/sana.sy\/tr\/wp-content\/uploads\/2023\/11\/\u0648\u0627\u0627\u0633-300x125-1.jpg\" alt=\"\" width=\"300\" height=\"125\" \/>Suudi Veliaht Prensi Muhammed bin Selman zirvenin a\u00e7\u0131l\u0131\u015f\u0131nda, \u2018\u2019Filistin&#8217;deki karde\u015flerimizin maruz kald\u0131\u011f\u0131, binlerce ki\u015finin \u00f6ld\u00fc\u011f\u00fc, hastanelerin ve altyap\u0131n\u0131n yok edildi\u011fi barbar sava\u015f\u0131 kategorik olarak reddetti\u011fimizi teyit ediyoruz\u2019\u2019 dedi.<\/p>\n<p style=\"text-align: justify;\">Bin Selman, \u2018\u2019Gazze&#8217;de devam eden insani felaket, BM G\u00fcvenlik Konseyi&#8217;nin sava\u015f\u0131 durdurma sorumlulu\u011funu yerine getirmemesinin bir sonucudur. Bunu durdurman\u0131n, \u0130srail i\u015fgalinin, ku\u015fatman\u0131n ve yerle\u015fimlerin sona erdirilmesinin ve ba\u015fkenti Kud\u00fcs <img loading=\"lazy\" decoding=\"async\" class=\"size-full wp-image-291771 alignright\" src=\"http:\/\/sana.sy\/tr\/wp-content\/uploads\/2023\/11\/\u0644\u0627-300x131-1.jpg\" alt=\"\" width=\"300\" height=\"131\" \/>olan ba\u011f\u0131ms\u0131z bir Filistin devletinin kurulmas\u0131n\u0131n gereklili\u011fini vurguluyoruz\u2019\u2019 ifadelerini s\u00f6zlerine ekledi.<\/p>\n<p style=\"text-align: justify;\">Arap Birli\u011fi Genel Sekreteri Ahmed Abugayiz, \u2018\u2019Gazze \u015eeridi halk\u0131n\u0131 yerinden etmeye \u00e7al\u0131\u015fan ve t\u00fcm d\u00fcnyan\u0131n g\u00f6z\u00fc \u00f6n\u00fcnde onlara y\u00f6nelik etnik temizlik su\u00e7lar\u0131n\u0131 s\u00fcrd\u00fcren \u0130srail i\u015fgali, baz\u0131 bakanlar\u0131n\u0131 n\u00fckleer bombayla vurmakla tehdit edecek noktaya geldi\u2019\u2019 diyerek,\u00a0 \u00a0Gazze&#8217;de tam bir ate\u015fkesin, \u0130srail&#8217;in \u00f6l\u00fcm makinesinin durdurulmas\u0131n\u0131n ve Filistinlilerin yerinden edilmesinin ve etnik temizli\u011finin durdurulmas\u0131n\u0131n gereklili\u011fine dikkat \u00e7ekti.<\/p>\n<p style=\"text-align: justify;\"><img loading=\"lazy\" decoding=\"async\" class=\"size-full wp-image-291772 alignright\" src=\"http:\/\/sana.sy\/tr\/wp-content\/uploads\/2023\/11\/989-300x143-1.jpg\" alt=\"\" width=\"300\" height=\"143\" \/>\u0130slam \u0130\u015fbirli\u011fi Te\u015fkilat\u0131 Genel Sekreteri H\u00fcseyin \u0130brahim Taha ise \u015funlar\u0131 s\u00f6yledi: \u0130srail i\u015fgali, Gazze&#8217;deki Filistin halk\u0131na kar\u015f\u0131 insanl\u0131\u011fa kar\u015f\u0131 su\u00e7lar i\u015fliyor ve zorla yerinden edilmeye \u00e7al\u0131\u015f\u0131l\u0131yor ve bunun durdurulmas\u0131 gerekiyor.<\/p>\n<p style=\"text-align: justify;\">UNRWA Genel Komiseri Philippe Lazzarini, \u2018\u2019Gazze halk\u0131 d\u00fcnyan\u0131n kendilerini terk etti\u011fini d\u00fc\u015f\u00fcn\u00fcyor ve d\u00fcnyan\u0131n \u00e7ocuklar\u0131n \u00e7\u0131\u011fl\u0131klar\u0131na kulak verip ate\u015f etmeyi b\u0131rakmas\u0131n\u0131 istiyor\u2019\u2019 dedi.<\/p>\n<p style=\"text-align: justify;\">Buna kar\u015f\u0131l\u0131k Filistin Devlet Ba\u015fkan\u0131 Mahmud Abbas \u015funlar\u0131 s\u00f6yledi: \u2018\u2019\u0130srail i\u015fgali, g\u00fcc\u00fcn\u00fcn kendisini koruyaca\u011f\u0131na ve bizi korkutaca\u011f\u0131na inan\u0131yor.Topra\u011f\u0131n, Kud\u00fcs&#8217;\u00fcn ve kutsal mekanlar\u0131n sahibi biziz, Filistin bayra\u011f\u0131 dalgalanacak ve <img loading=\"lazy\" decoding=\"async\" class=\"size-full wp-image-291773 alignright\" src=\"http:\/\/sana.sy\/tr\/wp-content\/uploads\/2023\/11\/663-300x136-1.jpg\" alt=\"\" width=\"300\" height=\"136\" \/>i\u015fgal ortadan kalkacakt\u0131r diyorum. \u0130\u015fgali koruyanlar, Filistin&#8217;de d\u00f6k\u00fclen her damla kan\u0131n sorumlulu\u011funu \u00fcstlenirler.Ba\u015fta ABD olmak \u00fczere uluslararas\u0131 topluma, sald\u0131rganl\u0131\u011f\u0131 durdurmaya ve \u0130srail i\u015fgalinin sona ermesi i\u00e7in \u00e7al\u0131\u015fmaya \u00e7a\u011fr\u0131da bulunuyoruz. Topraklar\u0131m\u0131zda kararl\u0131l\u0131\u011f\u0131m\u0131z\u0131 s\u00fcrd\u00fcrece\u011fiz, me\u015fru haklar\u0131m\u0131zdan vazge\u00e7meyece\u011fiz, halk\u0131m\u0131z\u0131 hedef alan t\u00fcm i\u015fgal planlar\u0131n\u0131 reddedece\u011fiz\u2019\u2019<\/p>\n<p style=\"text-align: justify;\">Abbas ayr\u0131ca, \u2018\u2019G\u00fcvenlik Konseyi&#8217;ni, Filistin Devleti&#8217;nin Birle\u015fmi\u015f Milletler&#8217;e tam \u00fcyeli\u011fini onaylamaya ve Filistin halk\u0131na koruma sa\u011flamaya \u00e7a\u011f\u0131r\u0131yoruz\u2019\u2019 ifadelerini kulland\u0131.<\/p>\n<p style=\"text-align: justify;\">Kendi y\u00f6n\u00fcnden M\u0131s\u0131r Cumhurba\u015fkan\u0131 Abd\u00fclfettah El Sisi, \u2018\u2019Uluslararas\u0131 topluma, Gazze&#8217;de i\u015flenen t\u00fcm ihlallere ili\u015fkin uluslararas\u0131 bir soru\u015fturma ba\u015flatma \u00e7a\u011fr\u0131s\u0131nda bulunuyoruz\u2019\u2019 dedi.<\/p>\n<p style=\"text-align: justify;\">\u0130ran Cumhurba\u015fkan\u0131 \u0130brahim Reisi konu\u015fmas\u0131nda ise, \u2018\u2019\u0130srail i\u015fgali Gazze&#8217;de tarihin en i\u011fren\u00e7 su\u00e7lar\u0131n\u0131 i\u015fliyor ve bug\u00fcn Filistin \u0130slam&#8217;\u0131n ve insanl\u0131k onurunun standard\u0131d\u0131r. Gazze \u015eeridi&#8217;ne 7 atom bombas\u0131n\u0131n e\u015fde\u011feri at\u0131ld\u0131 ve bu sava\u015f\u0131 y\u00f6netenin ve komplocunun ABD oldu\u011funa hi\u00e7 \u015f\u00fcphe yok. ABD, Siyonist varl\u0131\u011f\u0131 Gazze&#8217;de su\u00e7 i\u015flemeye te\u015fvik ediyor ve sava\u015fa kendi taraf\u0131nda girerek ona silah sevkiyat\u0131 yap\u0131yor\u2019\u2019 dedi.<\/p>\n<p style=\"text-align: justify;\">Buna kar\u015f\u0131l\u0131k Cibuti Devlet Ba\u015fkan\u0131 \u0130smail Omar Guelleh \u015funlar\u0131 s\u00f6yledi: \u2018\u2019Gazze \u015eeridi&#8217;nde Filistinlilerin maruz kald\u0131\u011f\u0131 ku\u015fatmay\u0131, barbarca \u00f6ld\u00fcrmeyi ve altyap\u0131 y\u0131k\u0131m\u0131n\u0131 reddediyor, \u0130srail sald\u0131rganl\u0131\u011f\u0131n\u0131n sona ermesini ve Filistin halk\u0131na uluslararas\u0131 koruma sa\u011flanmas\u0131n\u0131 talep ediyoruz.\u2019\u2019<\/p>\n<p style=\"text-align: justify;\">Kuveyt Veliaht Prensi \u015eeyh Me\u015fal El Ahmed El Cabir El Sabah ise, \u2018\u2019Gazze \u015eeridi&#8217;ndeki karde\u015f Filistin halk\u0131, \u00e7ifte standartlar\u0131 ve uluslararas\u0131 s\u00f6zle\u015fmeleri g\u00f6zler \u00f6n\u00fcne seren bir sahnede, \u0130srail i\u015fgali taraf\u0131ndan tarif edilemez su\u00e7lara ve toplu cezaland\u0131rmaya maruz kal\u0131yor\u2019\u2019 dedi.<\/p>\n<p style=\"text-align: justify;\">Tacikistan Devlet Ba\u015fkan\u0131 Emomali Rakhmonov konu\u015fmass\u0131n\u0131 yaparken, \u0130srail&#8217;in Gazze \u015eeridi&#8217;ndeki sava\u015f\u0131n\u0131 k\u0131nad\u0131 ve Filistin sorununun ger\u00e7ek \u00e7\u00f6z\u00fcm\u00fcn\u00fcn, ba\u015fkenti Kud\u00fcs olan ba\u011f\u0131ms\u0131z bir Filistin devleti kurulmas\u0131 y\u00f6n\u00fcndeki Birle\u015fmi\u015f Milletler kararlar\u0131n\u0131n uygulanmas\u0131 oldu\u011funu vurgulad\u0131.<\/p>\n<p style=\"text-align: center;\"><strong><a href=\"https:\/\/t.me\/SuriyeArapHaberAjansI\">Telegram Kanal\u0131m\u0131z\u00a0<\/a>||<a href=\"https:\/\/twitter.com\/arap_ajans\">X Platformumuz\u00a0<\/a>||<a href=\"https:\/\/www.facebook.com\/SANAHaberAjansi\/\">Facebook Sayfam\u0131z<\/a><\/strong><\/p>\n<p style=\"text-align: justify;\">\n","protected":false},"excerpt":{"rendered":"<p>R\u0130YAD 11 KASIM (SANA) &#8211; \u0130\u015fgal alt\u0131ndaki Filistin topraklar\u0131ndaki durumu g\u00f6r\u00fc\u015fmek \u00fczere Cumhurba\u015fkan\u0131 Be\u015far Esad&#8217;\u0131n kat\u0131l\u0131m\u0131yla bug\u00fcn Suudi ba\u015fkenti Riyad&#8217;da ola\u011fan\u00fcst\u00fc Arap-\u0130slam zirvesi ba\u015flad\u0131. Suudi Veliaht Prensi Muhammed bin Selman zirvenin a\u00e7\u0131l\u0131\u015f\u0131nda, \u2018\u2019Filistin&#8217;deki karde\u015flerimizin maruz kald\u0131\u011f\u0131, binlerce ki\u015finin \u00f6ld\u00fc\u011f\u00fc, hastanelerin ve altyap\u0131n\u0131n yok edildi\u011fi barbar sava\u015f\u0131 kategorik olarak reddetti\u011fimizi teyit ediyoruz\u2019\u2019 dedi. Bin Selman, \u2018\u2019Gazze&#8217;de &hellip;<\/p>\n","protected":false},"author":41,"featured_media":291769,"comment_status":"closed","ping_status":"closed","sticky":false,"template":"","format":"standard","meta":{"footnotes":""},"categories":[606,458,459,605,17988],"tags":[40359],"class_list":["post-291768","post","type-post","status-publish","format-standard","has-post-thumbnail","","category-cumhurbaskani","category-dunya1","category-haberler-arap-uluslararasi-politika","category-sayin-cumhurbaskani","category-son-haberler","tag-cumhurbaskani-esadin-katilimiyla-isgal-altindaki-filistin-topraklarindaki-durumun-tartisilacagi-olaganustu-arap-islam-zirvesi-basladi"],"_links":{"self":[{"href":"https:\/\/archive.sana.sy\/tr\/index.php?rest_route=\/wp\/v2\/posts\/291768","targetHints":{"allow":["GET"]}}],"collection":[{"href":"https:\/\/archive.sana.sy\/tr\/index.php?rest_route=\/wp\/v2\/posts"}],"about":[{"href":"https:\/\/archive.sana.sy\/tr\/index.php?rest_route=\/wp\/v2\/types\/post"}],"author":[{"embeddable":true,"href":"https:\/\/archive.sana.sy\/tr\/index.php?rest_route=\/wp\/v2\/users\/41"}],"replies":[{"embeddable":true,"href":"https:\/\/archive.sana.sy\/tr\/index.php?rest_route=%2Fwp%2Fv2%2Fcomments&post=291768"}],"version-history":[{"count":2,"href":"https:\/\/archive.sana.sy\/tr\/index.php?rest_route=\/wp\/v2\/posts\/291768\/revisions"}],"predecessor-version":[{"id":291775,"href":"https:\/\/archive.sana.sy\/tr\/index.php?rest_route=\/wp\/v2\/posts\/291768\/revisions\/291775"}],"wp:featuredmedia":[{"embeddable":true,"href":"https:\/\/archive.sana.sy\/tr\/index.php?rest_route=\/wp\/v2\/media\/291769"}],"wp:attachment":[{"href":"https:\/\/archive.sana.sy\/tr\/index.php?rest_route=%2Fwp%2Fv2%2Fmedia&parent=291768"}],"wp:term":[{"taxonomy":"category","embeddable":true,"href":"https:\/\/archive.sana.sy\/tr\/index.php?rest_route=%2Fwp%2Fv2%2Fcategories&post=291768"},{"taxonomy":"post_tag","embeddable":true,"href":"https:\/\/archive.sana.sy\/tr\/index.php?rest_route=%2Fwp%2Fv2%2Ftags&post=291768"}],"curies":[{"name":"wp","href":"https:\/\/api.w.org\/{rel}","templated":true}]}}