{"id":291776,"date":"2023-11-11T16:52:51","date_gmt":"2023-11-11T13:52:51","guid":{"rendered":"https:\/\/sana.sy\/tr\/?p=291776"},"modified":"2023-11-14T14:46:54","modified_gmt":"2023-11-14T11:46:54","slug":"cumhurbaskani-esad-gazze-hicbir-zaman-sorun-olmadi-sorun-filistindir-ve-gazze-onun-ozunun-vucut-bulmus-halidir","status":"publish","type":"post","link":"https:\/\/archive.sana.sy\/tr\/?p=291776","title":{"rendered":"Cumhurba\u015fkan\u0131 Esad: Gazze Hi\u00e7bir Zaman Sorun Olmad\u0131, Sorun Filistin&#8217;dir Ve Gazze Onun \u00d6z\u00fcn\u00fcn V\u00fccut Bulmu\u015f Halidir"},"content":{"rendered":"<p style=\"text-align: justify;\"><strong>R\u0130YAD 11 KASIM (SANA)<\/strong> &#8211; Cumhurba\u015fkan\u0131 Be\u015f\u015far Esad, Gazze&#8217;ye y\u00f6nelik sald\u0131rganl\u0131\u011f\u0131n daha \u00f6nce Filistinlilere y\u00f6nelik Siyonist katliamlar ba\u011flam\u0131ndan ayr\u0131 olarak tart\u0131\u015f\u0131lamayaca\u011f\u0131n\u0131 vurgulayarak, bug\u00fcn de sald\u0131rhanl\u0131klara kar\u015f\u0131 ayn\u0131 metodolojiyle m\u00fccadele etmeye devam etmemizin, halklar yok olana ve dava \u00f6lene kadar katliamlar\u0131 tamamlamam\u0131z\u0131n \u00f6n\u00fcn\u00fc a\u00e7mak anlam\u0131na geldi\u011fini belirtti.<\/p>\n<p style=\"text-align: justify;\">Cumhurba\u015fkan\u0131 Esad, bug\u00fcn ola\u011fan\u00fcst\u00fc Arap-\u0130slam zirvesinde yapt\u0131\u011f\u0131 konu\u015fmada, bug\u00fcnk\u00fc zirvemizdeki acil durumun ne sald\u0131r\u0131 ne de \u00f6ld\u00fcrme oldu\u011funu belirtirken, \u2018\u2019Her ikisi de s\u00fcreklidir ve her ikisi de varl\u0131\u011f\u0131n \u00f6z\u00fcnde ve \u00f6zelli\u011findedir, ancak acil olan Siyonizmin barbarl\u0131kta kendini a\u015fmas\u0131d\u0131r\u2019\u2019 dedi.<\/p>\n<p style=\"text-align: justify;\">Cumhurba\u015fkan\u0131 Esad ayr\u0131ca, elimizdeki asgari ara\u00e7lar\u0131n retorik de\u011fil ger\u00e7ek siyasi ara\u00e7lar oldu\u011funu vurgularken ayr\u0131ca, \u2018\u2019Bunlardan ilki ve en \u00f6nemlisi,\u00a0 Gazze&#8217;ye acil yard\u0131m\u0131n girmesine izin vererek, Her \u015feyden \u00f6nce Siyonist varl\u0131kla her t\u00fcrl\u00fc siyasi yolu durdurmak. Dolay\u0131s\u0131yla onun geri d\u00f6n\u00fc\u015f\u00fc, kurulu\u015fun t\u00fcm Filistin&#8217;deki t\u00fcm Filistinlilere kar\u015f\u0131 i\u015flenen su\u00e7lar\u0131 derhal ve uzun vadeli olarak durdurma taahh\u00fcd\u00fcne ba\u011fl\u0131d\u0131r\u2019\u2019 ifadelerini kulland\u0131.<\/p>\n<p style=\"text-align: justify;\"><span style=\"color: #0000ff;\"><strong>Konu\u015fman\u0131n tam metni a\u015fa\u011f\u0131dad\u0131r:<\/strong><\/span><\/p>\n<p style=\"text-align: justify;\">\u2018\u2019 Majesteleri Prens Muhammed bin Selman, Suudi Arabistan Krall\u0131\u011f\u0131 Veliaht Prensi<\/p>\n<p style=\"text-align: justify;\">Ekselanslar\u0131 ve Majesteleri<\/p>\n<p style=\"text-align: justify;\">Gazze hi\u00e7bir zaman sorun olmad\u0131, sorun Filistin&#8217;dir ve Gazze, sorunlar\u0131n \u00f6z\u00fcn\u00fcn v\u00fccut bulmu\u015f hali ve halk\u0131n\u0131n ac\u0131lar\u0131n\u0131n a\u00e7\u0131k bir ifadesidir.<\/p>\n<p style=\"text-align: justify;\">Yaln\u0131zca Gazze hakk\u0131nda konu\u015fmak as\u0131l noktay\u0131 ka\u00e7\u0131r\u0131yor. Bir b\u00fct\u00fcn\u00fcn par\u00e7as\u0131 ve bir ba\u011flamdaki bir istasyondur ve ona y\u00f6nelik son sald\u0131r\u0131, otuz iki y\u0131ll\u0131k ba\u015far\u0131s\u0131z bar\u0131\u015fla birlikte, yetmi\u015f be\u015f y\u0131ll\u0131k Siyonist su\u00e7a kadar uzanan uzun bir ba\u011flamdaki bir olayd\u0131r. Bunun tek mutlak ve reddedilemez sonucu, varl\u0131\u011f\u0131n daha sald\u0131rgan hale geldi\u011fi ve Filistin&#8217;in durumunun daha adaletsiz, bask\u0131c\u0131 ve sefil hale geldi\u011fidir.<\/p>\n<p style=\"text-align: justify;\">Ne Filistin&#8217;de ne de Golan&#8217;da ne toprak ne de ger\u00e7ek geri d\u00f6nd\u00fc. Bu durum, Araplar\u0131n onlara kar\u015f\u0131 daha fazla uysall\u0131\u011f\u0131n\u0131n bize kar\u015f\u0131 daha fazla Siyonist vah\u015fete e\u015fit oldu\u011funu s\u00f6yleyen siyasi bir denklem \u00fcretti ve uzatt\u0131\u011f\u0131m\u0131z ellerin say\u0131s\u0131, bize kar\u015f\u0131 yap\u0131lacak katliamlar\u0131n artmas\u0131 anlam\u0131na geliyor.<\/p>\n<p style=\"text-align: justify;\">Bu \u00e7ok a\u00e7\u0131k denklemin \u0131\u015f\u0131\u011f\u0131nda, Gazze&#8217;ye y\u00f6nelik sald\u0131r\u0131, Siyonistlerin daha \u00f6nce Filistinlilere y\u00f6nelik katliamlar\u0131 ve bu ba\u011flam\u0131n -\u015f\u00fcphesiz- daha sonra devam etmesi ba\u011flam\u0131ndan ayr\u0131 olarak incelenemez.<\/p>\n<p style=\"text-align: justify;\">Bu \u00e7ok a\u00e7\u0131k denklemin \u0131\u015f\u0131\u011f\u0131nda, Filistin meselesinde tekrar eden olaylar\u0131 \u201cArap ve \u0130slam \u00fclkeleri olarak\u201d par\u00e7al\u0131 ve k\u0131smi bir \u015fekilde ele alarak, devam eden bu su\u00e7u izole edemeyiz. \u00a0Bug\u00fcn Gazze&#8217;ye y\u00f6nelik sald\u0131r\u0131y\u0131 ayn\u0131 metodolojiyle ele almaya devam etmemiz, katliamlar\u0131n halk\u0131n yok olu\u015funa, davan\u0131n \u00f6l\u00fcm\u00fcne kadar tamamlanmas\u0131n\u0131n \u00f6n\u00fcn\u00fc a\u00e7mak demektir.<\/p>\n<p style=\"text-align: justify;\">Bug\u00fcnk\u00fc zirvemizde acil olan \u015fey ne sald\u0131rganl\u0131k ne de \u00f6ld\u00fcrmedir, zira her ikisi de devam etmektedir ve her ikisi de varl\u0131\u011f\u0131n do\u011fas\u0131nda ve \u00f6zelli\u011fidir. \u00a0Ancak acil olan, Siyonizm&#8217;in barbarl\u0131kta kendini a\u015fmas\u0131d\u0131r; bu da bizi en az\u0131ndan hem insani hem de siyasi a\u00e7\u0131dan benzeri g\u00f6r\u00fclmemi\u015f b\u00fcy\u00fckl\u00fckte sorumluluklarla kar\u015f\u0131 kar\u015f\u0131ya b\u0131rak\u0131yor. B\u00f6lgemizin ulusal g\u00fcvenli\u011fini bir kenara b\u0131rak\u0131rsak durum budur.<\/p>\n<p style=\"text-align: justify;\">\u0130nsani a\u00e7\u0131dan bak\u0131ld\u0131\u011f\u0131nda, ister acil yard\u0131m yoluyla ister gerekli altyap\u0131n\u0131n daha sonra yeniden in\u015fa edilmesi yoluyla olsun, ya\u015fam\u0131n asgari ihtiya\u00e7lar\u0131n\u0131n yeniden sa\u011flanmas\u0131nda b\u00fcy\u00fck bir paya sahip olma g\u00f6revimiz konusunda hi\u00e7bir tart\u0131\u015fma yoktur. Peki \u00f6ld\u00fcrme ve yard\u0131m, sonra katliam, sonra yard\u0131m, sald\u0131r\u0131, sonra a\u00e7\u0131klama k\u0131s\u0131r d\u00f6ng\u00fcs\u00fc i\u00e7inde d\u00f6nmeye devam edecek miyiz? En \u00f6nemli soru \u015fu: Filistinlilerin bizden ne ihtiyac\u0131 var? \u00d6nce bizden mi insani yard\u0131ma ihtiyac\u0131 var, yoksa yakla\u015fan soyk\u0131r\u0131ma kar\u015f\u0131 \u00f6nce bizden korunmaya m\u0131 ihtiyac\u0131 var? Burada rol\u00fcm\u00fcz yat\u0131yor ve burada siyasi \u00e7al\u0131\u015fmam\u0131z yat\u0131yor. Ancak bask\u0131 i\u00e7in ger\u00e7ek ara\u00e7lar\u0131m\u0131z yoksa att\u0131\u011f\u0131m\u0131z hi\u00e7bir ad\u0131m\u0131n veya yapt\u0131\u011f\u0131m\u0131z konu\u015fman\u0131n hi\u00e7bir anlam\u0131 yoktur. Elimizdeki minimum \u015fey retorik de\u011fil, ger\u00e7ek politik ara\u00e7lard\u0131r. \u0130lk ve en \u00f6nemli \u015fey, Siyonist varl\u0131kla olan her t\u00fcrl\u00fc siyasi yolun, ister ekonomik ister di\u011fer konularda olsun, siyasi yolun i\u00e7erdi\u011fi her \u015feyle birlikte durdurulmas\u0131d\u0131r. Onun geri d\u00f6n\u00fc\u015f\u00fc, kurulu\u015fun Filistin&#8217;deki t\u00fcm Filistinlilere kar\u015f\u0131 i\u015flenen su\u00e7lar\u0131 derhal ve uzun vadeli olarak durdurma ve ayn\u0131 zamanda Gazze&#8217;ye acil yard\u0131m girmesine izin verme taahh\u00fcd\u00fcne ba\u011fl\u0131 olacak.<\/p>\n<p style=\"text-align: justify;\">\u0130ki devletin konu\u015fulmas\u0131, bar\u0131\u015f s\u00fcrecinin ba\u015flat\u0131lmas\u0131 ve di\u011fer detay ve haklar, her ne kadar \u00f6nem ta\u015f\u0131sa da, bu acil d\u00f6nemde \u00f6ncelikli de\u011fil.\u00a0 Bu konuda ve bu konuda konu\u015fman\u0131n sonu\u00e7 vermeyece\u011fini ve i\u015fe yaramayaca\u011f\u0131n\u0131 bilmemize ra\u011fmen, \u00e7\u00fcnk\u00fc orta\u011f\u0131 yok, sponsoru yok, otoritesi yok, kanunu yok. Bir hak geri getirilemeyece\u011fi i\u00e7in su\u00e7lu hakim oldu, h\u0131rs\u0131z hakim oldu, Bat\u0131&#8217;n\u0131n bug\u00fcnk\u00fc durumu budur.<\/p>\n<p style=\"text-align: justify;\">Sadece bizim irademizle ey karde\u015fler &#8211; Bat\u0131l\u0131 \u00fclkelerin, uluslararas\u0131 kurulu\u015flar\u0131n ve ba\u015fkalar\u0131n\u0131n sorumluluklar\u0131n\u0131 \u00fcstlenme taleplerimizden uzak olarak, \u00a0\u00e7\u00fcnk\u00fc \u015f\u00fc devlerler yaln\u0131zca halklar\u0131n bask\u0131 alt\u0131na al\u0131nmas\u0131na ve ya\u011fmalanmas\u0131na dayal\u0131 tarihi s\u00f6m\u00fcrgeci sorumluluklar\u0131 ta\u015f\u0131maktad\u0131r- Sadece bizim irademizle, \u00fclkelerimizdeki ezici pop\u00fcler kamuoyu ile, Filistin direni\u015finin b\u00f6lgemizde dayatt\u0131\u011f\u0131 yeni ger\u00e7eklikle birlikte bu ara\u00e7lara sahip olduk. Gelin bunu kullanal\u0131m, onlarca y\u0131ld\u0131r kapal\u0131 olan siyasi kap\u0131lar\u0131 bize a\u00e7an k\u00fcresel d\u00f6n\u00fc\u015f\u00fcmden faydalanal\u0131m ki denklemlere girip de\u011fi\u015felim. Ge\u00e7mi\u015fte yapamad\u0131klar\u0131m\u0131z\u0131, bug\u00fcn ve gelecekte ba\u015farmam\u0131z gerekenleri ba\u015farman\u0131n bedeli, Filistin&#8217;de y\u00fckselen de\u011ferli ruhlar olsun.&#8221;<\/p>\n<p style=\"text-align: center;\"><strong><a href=\"https:\/\/t.me\/SuriyeArapHaberAjansI\">Telegram Kanal\u0131m\u0131z\u00a0<\/a>||<a href=\"https:\/\/twitter.com\/arap_ajans\">X Platformumuz\u00a0<\/a>||<a href=\"https:\/\/www.facebook.com\/SANAHaberAjansi\/\">Facebook Sayfam\u0131z<\/a><\/strong><\/p>\n","protected":false},"excerpt":{"rendered":"<p>R\u0130YAD 11 KASIM (SANA) &#8211; Cumhurba\u015fkan\u0131 Be\u015f\u015far Esad, Gazze&#8217;ye y\u00f6nelik sald\u0131rganl\u0131\u011f\u0131n daha \u00f6nce Filistinlilere y\u00f6nelik Siyonist katliamlar ba\u011flam\u0131ndan ayr\u0131 olarak tart\u0131\u015f\u0131lamayaca\u011f\u0131n\u0131 vurgulayarak, bug\u00fcn de sald\u0131rhanl\u0131klara kar\u015f\u0131 ayn\u0131 metodolojiyle m\u00fccadele etmeye devam etmemizin, halklar yok olana ve dava \u00f6lene kadar katliamlar\u0131 tamamlamam\u0131z\u0131n \u00f6n\u00fcn\u00fc a\u00e7mak anlam\u0131na geldi\u011fini belirtti. Cumhurba\u015fkan\u0131 Esad, bug\u00fcn ola\u011fan\u00fcst\u00fc Arap-\u0130slam zirvesinde yapt\u0131\u011f\u0131 konu\u015fmada, bug\u00fcnk\u00fc &hellip;<\/p>\n","protected":false},"author":41,"featured_media":291777,"comment_status":"closed","ping_status":"closed","sticky":false,"template":"","format":"standard","meta":{"footnotes":""},"categories":[606,458,459,605,17988],"tags":[40361,40362],"class_list":["post-291776","post","type-post","status-publish","format-standard","has-post-thumbnail","","category-cumhurbaskani","category-dunya1","category-haberler-arap-uluslararasi-politika","category-sayin-cumhurbaskani","category-son-haberler","tag-cumhurbaskani-esad-gazze-hicbir-zaman-sorun-olmadi","tag-sorun-filistindir-ve-gazze-onun-ozunun-vucut-bulmus-halidir"],"_links":{"self":[{"href":"https:\/\/archive.sana.sy\/tr\/index.php?rest_route=\/wp\/v2\/posts\/291776","targetHints":{"allow":["GET"]}}],"collection":[{"href":"https:\/\/archive.sana.sy\/tr\/index.php?rest_route=\/wp\/v2\/posts"}],"about":[{"href":"https:\/\/archive.sana.sy\/tr\/index.php?rest_route=\/wp\/v2\/types\/post"}],"author":[{"embeddable":true,"href":"https:\/\/archive.sana.sy\/tr\/index.php?rest_route=\/wp\/v2\/users\/41"}],"replies":[{"embeddable":true,"href":"https:\/\/archive.sana.sy\/tr\/index.php?rest_route=%2Fwp%2Fv2%2Fcomments&post=291776"}],"version-history":[{"count":5,"href":"https:\/\/archive.sana.sy\/tr\/index.php?rest_route=\/wp\/v2\/posts\/291776\/revisions"}],"predecessor-version":[{"id":291785,"href":"https:\/\/archive.sana.sy\/tr\/index.php?rest_route=\/wp\/v2\/posts\/291776\/revisions\/291785"}],"wp:featuredmedia":[{"embeddable":true,"href":"https:\/\/archive.sana.sy\/tr\/index.php?rest_route=\/wp\/v2\/media\/291777"}],"wp:attachment":[{"href":"https:\/\/archive.sana.sy\/tr\/index.php?rest_route=%2Fwp%2Fv2%2Fmedia&parent=291776"}],"wp:term":[{"taxonomy":"category","embeddable":true,"href":"https:\/\/archive.sana.sy\/tr\/index.php?rest_route=%2Fwp%2Fv2%2Fcategories&post=291776"},{"taxonomy":"post_tag","embeddable":true,"href":"https:\/\/archive.sana.sy\/tr\/index.php?rest_route=%2Fwp%2Fv2%2Ftags&post=291776"}],"curies":[{"name":"wp","href":"https:\/\/api.w.org\/{rel}","templated":true}]}}