{"id":291790,"date":"2023-11-11T18:31:42","date_gmt":"2023-11-11T15:31:42","guid":{"rendered":"https:\/\/sana.sy\/tr\/?p=291790"},"modified":"2023-11-13T10:48:53","modified_gmt":"2023-11-13T07:48:53","slug":"cumhurbaskani-esad-olaganustu-arap-islam-zirvesi-oturum-aralarinda-misir-devlet-baskani-abdulfettah-sisi-ile-bir-araya-geldi","status":"publish","type":"post","link":"https:\/\/archive.sana.sy\/tr\/?p=291790","title":{"rendered":"Ba\u015fkanlar Esad Ve Sisi, Gazze Halk\u0131n\u0131n Kararl\u0131l\u0131\u011f\u0131n\u0131 Desteklemek Ve Filistin Halk\u0131n\u0131 Yerinden Etme Politikas\u0131na Kar\u015f\u0131 Durmak \u0130\u00e7in Ortak \u00c7al\u0131\u015fmay\u0131 Vurgulad\u0131lar"},"content":{"rendered":"<p style=\"text-align: justify;\"><strong>R\u0130YAD\u00a0 11 KASIM (SANA)<\/strong> &#8211; Cumhurba\u015fkan\u0131 Be\u015f\u015far Esad, ola\u011fan\u00fcst\u00fc Arap-\u0130slam zirvesinin oturum aralar\u0131nda Riyad&#8217;da M\u0131s\u0131r Cumhurba\u015fkan\u0131 Abd\u00fclfettah Sisi ile bir araya geldi.<\/p>\n<p style=\"text-align: justify;\">\u0130ki cumhurba\u015fkan\u0131, i\u015fgal alt\u0131ndaki Filistin topraklar\u0131ndaki durumu ve \u0130srail&#8217;in Gazze \u015eeridi&#8217;ne y\u00f6nelik sald\u0131rganl\u0131\u011f\u0131n\u0131 <img loading=\"lazy\" decoding=\"async\" class=\"wp-image-291793 alignright\" src=\"http:\/\/sana.sy\/tr\/wp-content\/uploads\/2023\/11\/photo_2023-11-11_18-21-53.jpg\" alt=\"\" width=\"265\" height=\"164\" srcset=\"https:\/\/archive.sana.sy\/tr\/wp-content\/uploads\/2023\/11\/photo_2023-11-11_18-21-53.jpg 1193w, https:\/\/archive.sana.sy\/tr\/wp-content\/uploads\/2023\/11\/photo_2023-11-11_18-21-53-300x185.jpg 300w, https:\/\/archive.sana.sy\/tr\/wp-content\/uploads\/2023\/11\/photo_2023-11-11_18-21-53-1024x633.jpg 1024w, https:\/\/archive.sana.sy\/tr\/wp-content\/uploads\/2023\/11\/photo_2023-11-11_18-21-53-768x474.jpg 768w\" sizes=\"auto, (max-width: 265px) 100vw, 265px\" \/>ele al\u0131rken, Suriye&#8217;deki durumu da ele ald\u0131.<\/p>\n<p style=\"text-align: justify;\">\u0130ki cumhurba\u015fkan\u0131 ayr\u0131ca, Gazze halk\u0131n\u0131n kararl\u0131l\u0131\u011f\u0131n\u0131 desteklemek i\u00e7in ortak \u00e7al\u0131\u015fmay\u0131 ve \u0130srail taraf\u0131n\u0131n \u00fczerinde \u00e7al\u0131\u015ft\u0131\u011f\u0131 Filistin halk\u0131n\u0131 Gazze&#8217;den s\u00fcrme politikas\u0131na kar\u015f\u0131 Suriye ve M\u0131s\u0131r&#8217;\u0131n duru\u015funu vurgulad\u0131.<\/p>\n<p style=\"text-align: justify;\">Cumhurba\u015fkan\u0131 Esad, Gazze&#8217;ye y\u00f6nelik sald\u0131rganl\u0131\u011f\u0131 \u0130srail&#8217;in Filistin meselesini tasfiye etmeye y\u00f6nelik yeni bir giri\u015fimi olarak de\u011ferlendirdi.<\/p>\n<p style=\"text-align: justify;\">Cumhurba\u015fkan\u0131 Sisi ise \u00fclkesinin Gazze&#8217;deki halk\u0131m\u0131z\u0131 yerinden etme giri\u015fimlerini reddetti\u011fini teyit ederken, M\u0131s\u0131r&#8217;\u0131n ter\u00f6rle m\u00fccadelede Suriye&#8217;ye verdi\u011fi deste\u011fi ve Suriye&#8217;nin birli\u011fine ve t\u00fcm topraklar\u0131 \u00fczerindeki egemenli\u011fine ba\u011fl\u0131l\u0131\u011f\u0131n\u0131 da yineledi.<\/p>\n<p style=\"text-align: center;\"><strong><a href=\"https:\/\/t.me\/SuriyeArapHaberAjansI\">Telegram Kanal\u0131m\u0131z\u00a0<\/a>||<a href=\"https:\/\/twitter.com\/arap_ajans\">X Platformumuz\u00a0<\/a>||<a href=\"https:\/\/www.facebook.com\/SANAHaberAjansi\/\">Facebook Sayfam\u0131z<\/a><\/strong><\/p>\n","protected":false},"excerpt":{"rendered":"<p>R\u0130YAD\u00a0 11 KASIM (SANA) &#8211; Cumhurba\u015fkan\u0131 Be\u015f\u015far Esad, ola\u011fan\u00fcst\u00fc Arap-\u0130slam zirvesinin oturum aralar\u0131nda Riyad&#8217;da M\u0131s\u0131r Cumhurba\u015fkan\u0131 Abd\u00fclfettah Sisi ile bir araya geldi. \u0130ki cumhurba\u015fkan\u0131, i\u015fgal alt\u0131ndaki Filistin topraklar\u0131ndaki durumu ve \u0130srail&#8217;in Gazze \u015eeridi&#8217;ne y\u00f6nelik sald\u0131rganl\u0131\u011f\u0131n\u0131 ele al\u0131rken, Suriye&#8217;deki durumu da ele ald\u0131. \u0130ki cumhurba\u015fkan\u0131 ayr\u0131ca, Gazze halk\u0131n\u0131n kararl\u0131l\u0131\u011f\u0131n\u0131 desteklemek i\u00e7in ortak \u00e7al\u0131\u015fmay\u0131 ve \u0130srail taraf\u0131n\u0131n &hellip;<\/p>\n","protected":false},"author":41,"featured_media":291792,"comment_status":"closed","ping_status":"closed","sticky":false,"template":"","format":"standard","meta":{"footnotes":""},"categories":[606,6459,605],"tags":[38219,40365],"class_list":["post-291790","post","type-post","status-publish","format-standard","has-post-thumbnail","","category-cumhurbaskani","category-sana-fotolarl","category-sayin-cumhurbaskani","tag-cumhurbaskani-esad","tag-olaganustu-arap-islam-zirvesi-oturum-aralarinda-misir-devlet-baskani-abdulfettah-sisi-ile-bir-araya-geldi"],"_links":{"self":[{"href":"https:\/\/archive.sana.sy\/tr\/index.php?rest_route=\/wp\/v2\/posts\/291790","targetHints":{"allow":["GET"]}}],"collection":[{"href":"https:\/\/archive.sana.sy\/tr\/index.php?rest_route=\/wp\/v2\/posts"}],"about":[{"href":"https:\/\/archive.sana.sy\/tr\/index.php?rest_route=\/wp\/v2\/types\/post"}],"author":[{"embeddable":true,"href":"https:\/\/archive.sana.sy\/tr\/index.php?rest_route=\/wp\/v2\/users\/41"}],"replies":[{"embeddable":true,"href":"https:\/\/archive.sana.sy\/tr\/index.php?rest_route=%2Fwp%2Fv2%2Fcomments&post=291790"}],"version-history":[{"count":3,"href":"https:\/\/archive.sana.sy\/tr\/index.php?rest_route=\/wp\/v2\/posts\/291790\/revisions"}],"predecessor-version":[{"id":291799,"href":"https:\/\/archive.sana.sy\/tr\/index.php?rest_route=\/wp\/v2\/posts\/291790\/revisions\/291799"}],"wp:featuredmedia":[{"embeddable":true,"href":"https:\/\/archive.sana.sy\/tr\/index.php?rest_route=\/wp\/v2\/media\/291792"}],"wp:attachment":[{"href":"https:\/\/archive.sana.sy\/tr\/index.php?rest_route=%2Fwp%2Fv2%2Fmedia&parent=291790"}],"wp:term":[{"taxonomy":"category","embeddable":true,"href":"https:\/\/archive.sana.sy\/tr\/index.php?rest_route=%2Fwp%2Fv2%2Fcategories&post=291790"},{"taxonomy":"post_tag","embeddable":true,"href":"https:\/\/archive.sana.sy\/tr\/index.php?rest_route=%2Fwp%2Fv2%2Ftags&post=291790"}],"curies":[{"name":"wp","href":"https:\/\/api.w.org\/{rel}","templated":true}]}}