{"id":291800,"date":"2023-11-11T23:11:06","date_gmt":"2023-11-11T20:11:06","guid":{"rendered":"https:\/\/sana.sy\/tr\/?p=291800"},"modified":"2023-11-13T10:50:29","modified_gmt":"2023-11-13T07:50:29","slug":"cumhurbaskani-esad-iran-ve-moritanya-baskanlariyla-israil-saldirganligi-nedeniyle-gazze-seridi-halkinin-icinde-bulundugu-kosullari-gorustu","status":"publish","type":"post","link":"https:\/\/archive.sana.sy\/tr\/?p=291800","title":{"rendered":"Cumhurba\u015fkan\u0131 Esad, \u0130ran Ve Moritanya Ba\u015fkanlar\u0131yla \u0130srail Sald\u0131rganl\u0131\u011f\u0131 Nedeniyle Gazze \u015eeridi Halk\u0131n\u0131n \u0130\u00e7inde Bulundu\u011fu Ko\u015fullar\u0131 G\u00f6r\u00fc\u015ft\u00fc"},"content":{"rendered":"<p style=\"text-align: justify;\"><strong>R\u0130YAD 11 KASIM (SANA)<\/strong> &#8211; Cumhurba\u015fkan\u0131 Be\u015f\u015far Esad, \u0130ran Cumhurba\u015fkan\u0131 \u0130brahim Reisi ile \u0130srail&#8217;in \u015eeride&#8217;ye y\u00f6nelik sald\u0131rganl\u0131\u011f\u0131 \u0131\u015f\u0131\u011f\u0131nda Gazze halk\u0131n\u0131n ya\u015fad\u0131\u011f\u0131 ko\u015fullar\u0131 ele alan g\u00f6r\u00fc\u015fmelerde bulundu.<\/p>\n<p style=\"text-align: justify;\">\u0130ki cumhurba\u015fkan\u0131, Arap ve \u0130slam \u00fclkelerinin \u0130srail varl\u0131\u011f\u0131n\u0131 katliamlar\u0131n\u0131 ve sald\u0131rganl\u0131\u011f\u0131n\u0131 durdurmaya zorlamak i\u00e7in her t\u00fcrl\u00fc bask\u0131y\u0131 uygulamas\u0131na paralel olarak her t\u00fcrl\u00fc acil yard\u0131m\u0131n sa\u011flanmas\u0131n\u0131n h\u0131zland\u0131r\u0131lmas\u0131 gerekti\u011fini vurgulad\u0131.<\/p>\n<p style=\"text-align: justify;\">Cumhurba\u015fkan\u0131 Esad ayr\u0131ca Moritanya Devlet Ba\u015fkan\u0131 Muhammed Vild El \u015eeyh El Gazvani ile i\u015fgal alt\u0131ndaki Filistin topraklar\u0131ndaki duruma ve Gazze \u015eeridi halk\u0131na destek ve yard\u0131m yollar\u0131na odaklanan g\u00f6r\u00fc\u015fmelerde bulundu.<\/p>\n<p style=\"text-align: justify;\">Cumhurba\u015fkan\u0131 Esad g\u00f6r\u00fc\u015fmede, Filistin halk\u0131n\u0131n korunmas\u0131n\u0131 sa\u011flamak ve t\u00fcm Filistinlilere y\u00f6nelik su\u00e7lar\u0131 ve katliamlar\u0131 durdurmak i\u00e7in \u00e7al\u0131\u015fma gere\u011finin de alt\u0131n\u0131 \u00e7izdi.<\/p>\n<p><strong><a href=\"https:\/\/t.me\/SuriyeArapHaberAjansI\">Telegram Kanal\u0131m\u0131z\u00a0<\/a>||<a href=\"https:\/\/twitter.com\/arap_ajans\">X Platformumuz\u00a0<\/a>||<a href=\"https:\/\/www.facebook.com\/SANAHaberAjansi\/\">Facebook Sayfam\u0131z<\/a><\/strong><\/p>\n","protected":false},"excerpt":{"rendered":"<p>R\u0130YAD 11 KASIM (SANA) &#8211; Cumhurba\u015fkan\u0131 Be\u015f\u015far Esad, \u0130ran Cumhurba\u015fkan\u0131 \u0130brahim Reisi ile \u0130srail&#8217;in \u015eeride&#8217;ye y\u00f6nelik sald\u0131rganl\u0131\u011f\u0131 \u0131\u015f\u0131\u011f\u0131nda Gazze halk\u0131n\u0131n ya\u015fad\u0131\u011f\u0131 ko\u015fullar\u0131 ele alan g\u00f6r\u00fc\u015fmelerde bulundu. \u0130ki cumhurba\u015fkan\u0131, Arap ve \u0130slam \u00fclkelerinin \u0130srail varl\u0131\u011f\u0131n\u0131 katliamlar\u0131n\u0131 ve sald\u0131rganl\u0131\u011f\u0131n\u0131 durdurmaya zorlamak i\u00e7in her t\u00fcrl\u00fc bask\u0131y\u0131 uygulamas\u0131na paralel olarak her t\u00fcrl\u00fc acil yard\u0131m\u0131n sa\u011flanmas\u0131n\u0131n h\u0131zland\u0131r\u0131lmas\u0131 gerekti\u011fini vurgulad\u0131. Cumhurba\u015fkan\u0131 &hellip;<\/p>\n","protected":false},"author":41,"featured_media":291801,"comment_status":"closed","ping_status":"closed","sticky":false,"template":"","format":"standard","meta":{"footnotes":""},"categories":[606,458,459,605],"tags":[],"class_list":["post-291800","post","type-post","status-publish","format-standard","has-post-thumbnail","","category-cumhurbaskani","category-dunya1","category-haberler-arap-uluslararasi-politika","category-sayin-cumhurbaskani"],"_links":{"self":[{"href":"https:\/\/archive.sana.sy\/tr\/index.php?rest_route=\/wp\/v2\/posts\/291800","targetHints":{"allow":["GET"]}}],"collection":[{"href":"https:\/\/archive.sana.sy\/tr\/index.php?rest_route=\/wp\/v2\/posts"}],"about":[{"href":"https:\/\/archive.sana.sy\/tr\/index.php?rest_route=\/wp\/v2\/types\/post"}],"author":[{"embeddable":true,"href":"https:\/\/archive.sana.sy\/tr\/index.php?rest_route=\/wp\/v2\/users\/41"}],"replies":[{"embeddable":true,"href":"https:\/\/archive.sana.sy\/tr\/index.php?rest_route=%2Fwp%2Fv2%2Fcomments&post=291800"}],"version-history":[{"count":1,"href":"https:\/\/archive.sana.sy\/tr\/index.php?rest_route=\/wp\/v2\/posts\/291800\/revisions"}],"predecessor-version":[{"id":291802,"href":"https:\/\/archive.sana.sy\/tr\/index.php?rest_route=\/wp\/v2\/posts\/291800\/revisions\/291802"}],"wp:featuredmedia":[{"embeddable":true,"href":"https:\/\/archive.sana.sy\/tr\/index.php?rest_route=\/wp\/v2\/media\/291801"}],"wp:attachment":[{"href":"https:\/\/archive.sana.sy\/tr\/index.php?rest_route=%2Fwp%2Fv2%2Fmedia&parent=291800"}],"wp:term":[{"taxonomy":"category","embeddable":true,"href":"https:\/\/archive.sana.sy\/tr\/index.php?rest_route=%2Fwp%2Fv2%2Fcategories&post=291800"},{"taxonomy":"post_tag","embeddable":true,"href":"https:\/\/archive.sana.sy\/tr\/index.php?rest_route=%2Fwp%2Fv2%2Ftags&post=291800"}],"curies":[{"name":"wp","href":"https:\/\/api.w.org\/{rel}","templated":true}]}}