{"id":291938,"date":"2023-11-14T13:16:35","date_gmt":"2023-11-14T10:16:35","guid":{"rendered":"https:\/\/sana.sy\/tr\/?p=291938"},"modified":"2023-11-15T08:19:52","modified_gmt":"2023-11-15T05:19:52","slug":"gazeteciler-birligi-israil-isgalinin-isgal-altindaki-filistin-topraklarinda-el-mayadin-tvnin-faaliyet-gostermesini-engellemesini-kinadi","status":"publish","type":"post","link":"https:\/\/archive.sana.sy\/tr\/?p=291938","title":{"rendered":"Gazeteciler Birli\u011fi, \u0130\u015fgalci \u0130srail&#8217;in , \u0130\u015fgal Alt\u0131ndaki Filistin Topraklar\u0131nda Mayadin TV&#8217;nin \u00c7al\u0131\u015fmas\u0131n\u0131 Engellemesini K\u0131nad\u0131"},"content":{"rendered":"<p style=\"text-align: justify;\"><strong>\u015eAM 14 KASIM 2023 (SANA)<\/strong> \u2013 Suriye Gazeteciler Birli\u011fi, \u0130srail i\u015fgal yetkililerinin Mayadin Medya A\u011f\u0131&#8217;n\u0131n i\u015fgal alt\u0131ndaki Filistin topraklar\u0131ndaki \u00e7al\u0131\u015fmalar\u0131n\u0131 yasaklayan a\u00e7\u0131klamas\u0131n\u0131 k\u0131nayarak, bu tedbirin, i\u015fgalin Filistin halk\u0131na kar\u015f\u0131 i\u015fledi\u011fi su\u00e7larla ilgili ger\u00e7ekleri gizlemeyi ama\u00e7lad\u0131\u011f\u0131 vurgulad\u0131.<\/p>\n<p style=\"text-align: justify;\">Birlik, bir nushas\u0131 SANA&#8217;ya ula\u015fan bir bildiride, El Mayadin kanal\u0131n \u0130srail&#8217;in Bat\u0131 \u015eeria ve Gazze&#8217;deki sava\u015f su\u00e7lar\u0131n\u0131, yerle\u015fimcilerin Celile ve i\u015fgal alt\u0131ndaki Suriye Golan&#8217;\u0131ndaki halka y\u00f6nelik uygulama ve sald\u0131r\u0131lar\u0131n\u0131 a\u00e7\u0131\u011fa \u00e7\u0131kard\u0131\u011f\u0131n\u0131 vurgulayarak, bu kanal\u0131n ayn\u0131 zamanda Filistin halk\u0131n\u0131n kararl\u0131l\u0131\u011f\u0131 ve kahramanl\u0131k g\u00f6r\u00fcnt\u00fclerini \u00f6ne \u00e7\u0131kard\u0131\u011f\u0131n\u0131, medya \u00e7al\u0131\u015fmalar\u0131n\u0131 profesyonel bir vicdanla ve ger\u00e7e\u011fi oldu\u011fu gibi aktaran gazetecilik ustal\u0131\u011f\u0131yla destekledi\u011fini a\u00e7\u0131klad\u0131.<\/p>\n<p style=\"text-align: justify;\">Birlik ayr\u0131ca, ba\u015fta Arap Gazeteciler Genel Birli\u011fi ve Uluslararas\u0131 Gazeteciler Federasyonu olmak \u00fczere uluslararas\u0131 gazetecilik ve insan haklar\u0131 kurulu\u015flar\u0131na, bu su\u00e7larla y\u00fczle\u015fme ve gazetecilere ve medya profesyonellerine kar\u015f\u0131 i\u015flenen sava\u015f su\u00e7lar\u0131ndan i\u015fgal liderlerini sorumlu tutma konusundaki sorumluluklar\u0131n\u0131 yerine getirmeye \u00e7a\u011fr\u0131da bulundu.<\/p>\n<p><strong><a href=\"https:\/\/t.me\/SuriyeArapHaberAjansI\">Telegram Kanal\u0131m\u0131z\u00a0<\/a>||<a href=\"https:\/\/twitter.com\/arap_ajans\">X Platformumuz\u00a0<\/a>||<a href=\"https:\/\/www.facebook.com\/SANAHaberAjansi\/\">Facebook Sayfam\u0131z<\/a><\/strong><\/p>\n","protected":false},"excerpt":{"rendered":"<p>\u015eAM 14 KASIM 2023 (SANA) \u2013 Suriye Gazeteciler Birli\u011fi, \u0130srail i\u015fgal yetkililerinin Mayadin Medya A\u011f\u0131&#8217;n\u0131n i\u015fgal alt\u0131ndaki Filistin topraklar\u0131ndaki \u00e7al\u0131\u015fmalar\u0131n\u0131 yasaklayan a\u00e7\u0131klamas\u0131n\u0131 k\u0131nayarak, bu tedbirin, i\u015fgalin Filistin halk\u0131na kar\u015f\u0131 i\u015fledi\u011fi su\u00e7larla ilgili ger\u00e7ekleri gizlemeyi ama\u00e7lad\u0131\u011f\u0131 vurgulad\u0131. Birlik, bir nushas\u0131 SANA&#8217;ya ula\u015fan bir bildiride, El Mayadin kanal\u0131n \u0130srail&#8217;in Bat\u0131 \u015eeria ve Gazze&#8217;deki sava\u015f su\u00e7lar\u0131n\u0131, yerle\u015fimcilerin Celile &hellip;<\/p>\n","protected":false},"author":39,"featured_media":291939,"comment_status":"closed","ping_status":"closed","sticky":false,"template":"","format":"standard","meta":{"footnotes":""},"categories":[479,17988,478],"tags":[],"class_list":["post-291938","post","type-post","status-publish","format-standard","has-post-thumbnail","","category-haberler-yerel","category-son-haberler","category-yerel"],"_links":{"self":[{"href":"https:\/\/archive.sana.sy\/tr\/index.php?rest_route=\/wp\/v2\/posts\/291938","targetHints":{"allow":["GET"]}}],"collection":[{"href":"https:\/\/archive.sana.sy\/tr\/index.php?rest_route=\/wp\/v2\/posts"}],"about":[{"href":"https:\/\/archive.sana.sy\/tr\/index.php?rest_route=\/wp\/v2\/types\/post"}],"author":[{"embeddable":true,"href":"https:\/\/archive.sana.sy\/tr\/index.php?rest_route=\/wp\/v2\/users\/39"}],"replies":[{"embeddable":true,"href":"https:\/\/archive.sana.sy\/tr\/index.php?rest_route=%2Fwp%2Fv2%2Fcomments&post=291938"}],"version-history":[{"count":4,"href":"https:\/\/archive.sana.sy\/tr\/index.php?rest_route=\/wp\/v2\/posts\/291938\/revisions"}],"predecessor-version":[{"id":291972,"href":"https:\/\/archive.sana.sy\/tr\/index.php?rest_route=\/wp\/v2\/posts\/291938\/revisions\/291972"}],"wp:featuredmedia":[{"embeddable":true,"href":"https:\/\/archive.sana.sy\/tr\/index.php?rest_route=\/wp\/v2\/media\/291939"}],"wp:attachment":[{"href":"https:\/\/archive.sana.sy\/tr\/index.php?rest_route=%2Fwp%2Fv2%2Fmedia&parent=291938"}],"wp:term":[{"taxonomy":"category","embeddable":true,"href":"https:\/\/archive.sana.sy\/tr\/index.php?rest_route=%2Fwp%2Fv2%2Fcategories&post=291938"},{"taxonomy":"post_tag","embeddable":true,"href":"https:\/\/archive.sana.sy\/tr\/index.php?rest_route=%2Fwp%2Fv2%2Ftags&post=291938"}],"curies":[{"name":"wp","href":"https:\/\/api.w.org\/{rel}","templated":true}]}}