{"id":292005,"date":"2023-11-15T15:41:19","date_gmt":"2023-11-15T12:41:19","guid":{"rendered":"https:\/\/sana.sy\/tr\/?p=292005"},"modified":"2023-11-16T12:29:43","modified_gmt":"2023-11-16T09:29:43","slug":"filistin-disisleri-bakanligi-sifa-tip-kompleksindekileri-korumak-icin-uluslararasi-mudahale-cagrisinda-bulundu","status":"publish","type":"post","link":"https:\/\/archive.sana.sy\/tr\/?p=292005","title":{"rendered":"Filistin D\u0131\u015fi\u015fleri Bakanl\u0131\u011f\u0131, \u015eifa T\u0131p Kompleksi&#8217;ndekileri Korumak \u0130\u00e7in Uluslararas\u0131 M\u00fcdahale \u00c7a\u011fr\u0131s\u0131nda Bulundu"},"content":{"rendered":"<p style=\"text-align: justify;\"><strong>\u0130\u015eDAL ED\u0130LEN KUD\u00dcS 15 KASIM (SANA)<\/strong> &#8211; Filistin D\u0131\u015fi\u015fleri Bakanl\u0131\u011f\u0131, \u0130srail i\u015fgal ordusunun El \u015eifa T\u0131p Kompleksi ile Gazze \u015eeridi&#8217;ndeki di\u011fer hastane ve sa\u011fl\u0131k merkezlerine sald\u0131rmas\u0131n\u0131n uluslararas\u0131 hukukun, uluslararas\u0131 insanc\u0131l hukukun ve Cenevre S\u00f6zle\u015fmelerinin a\u00e7\u0131k bir ihlali oldu\u011funu do\u011frulad\u0131.<\/p>\n<p style=\"text-align: justify;\">Bakanl\u0131k bug\u00fcn yapt\u0131\u011f\u0131 a\u00e7\u0131klamada, \u2018\u2019Gazze hastanelerine yap\u0131lan bask\u0131nlar, i\u015fgalin Filistin halk\u0131na kar\u015f\u0131 i\u015fledi\u011fi t\u00fcm ihlallerin ve su\u00e7lar\u0131n ve sa\u011fl\u0131k merkezleri ile sa\u011fl\u0131k ve ambulans ekiplerini hedef almaya devam etmesinin bir uzant\u0131s\u0131d\u0131r. Bu da Filistinlilerin tedavi ve t\u0131bbi hizmet alma haklar\u0131yla ilgili en temel haklar\u0131ndan mahrum kalmas\u0131na yol a\u00e7\u0131yor\u2019\u2019 dedi.<\/p>\n<p style=\"text-align: justify;\">D\u0131\u015fi\u015fleri Bakanl\u0131\u011f\u0131 a\u00e7\u0131kamas\u0131nda da, sa\u011fl\u0131k personelinin ve kompleksteki premat\u00fcre bebekler ve yerinden edilmi\u015f ki\u015filer de dahil olmak \u00fczere binlerce hasta, yaral\u0131 ve \u00e7ocu\u011fun g\u00fcvenli\u011finden i\u015fgali tamamen sorumlu tuttu ve onlara koruma sa\u011flamak i\u00e7in acil uluslararas\u0131 m\u00fcdahale \u00e7a\u011fr\u0131s\u0131nda bulundu.<\/p>\n<p style=\"text-align: center;\"><strong><a href=\"https:\/\/t.me\/SuriyeArapHaberAjansI\">Telegram Kanal\u0131m\u0131z\u00a0<\/a>||<a href=\"https:\/\/twitter.com\/arap_ajans\">X Platformumuz\u00a0<\/a>||<a href=\"https:\/\/www.facebook.com\/SANAHaberAjansi\/\">Facebook Sayfam\u0131z<\/a><\/strong><\/p>\n<p style=\"text-align: justify;\">\n","protected":false},"excerpt":{"rendered":"<p>\u0130\u015eDAL ED\u0130LEN KUD\u00dcS 15 KASIM (SANA) &#8211; Filistin D\u0131\u015fi\u015fleri Bakanl\u0131\u011f\u0131, \u0130srail i\u015fgal ordusunun El \u015eifa T\u0131p Kompleksi ile Gazze \u015eeridi&#8217;ndeki di\u011fer hastane ve sa\u011fl\u0131k merkezlerine sald\u0131rmas\u0131n\u0131n uluslararas\u0131 hukukun, uluslararas\u0131 insanc\u0131l hukukun ve Cenevre S\u00f6zle\u015fmelerinin a\u00e7\u0131k bir ihlali oldu\u011funu do\u011frulad\u0131. Bakanl\u0131k bug\u00fcn yapt\u0131\u011f\u0131 a\u00e7\u0131klamada, \u2018\u2019Gazze hastanelerine yap\u0131lan bask\u0131nlar, i\u015fgalin Filistin halk\u0131na kar\u015f\u0131 i\u015fledi\u011fi t\u00fcm ihlallerin ve &hellip;<\/p>\n","protected":false},"author":41,"featured_media":292006,"comment_status":"closed","ping_status":"closed","sticky":false,"template":"","format":"standard","meta":{"footnotes":""},"categories":[458,459,17988],"tags":[],"class_list":["post-292005","post","type-post","status-publish","format-standard","has-post-thumbnail","","category-dunya1","category-haberler-arap-uluslararasi-politika","category-son-haberler"],"_links":{"self":[{"href":"https:\/\/archive.sana.sy\/tr\/index.php?rest_route=\/wp\/v2\/posts\/292005","targetHints":{"allow":["GET"]}}],"collection":[{"href":"https:\/\/archive.sana.sy\/tr\/index.php?rest_route=\/wp\/v2\/posts"}],"about":[{"href":"https:\/\/archive.sana.sy\/tr\/index.php?rest_route=\/wp\/v2\/types\/post"}],"author":[{"embeddable":true,"href":"https:\/\/archive.sana.sy\/tr\/index.php?rest_route=\/wp\/v2\/users\/41"}],"replies":[{"embeddable":true,"href":"https:\/\/archive.sana.sy\/tr\/index.php?rest_route=%2Fwp%2Fv2%2Fcomments&post=292005"}],"version-history":[{"count":1,"href":"https:\/\/archive.sana.sy\/tr\/index.php?rest_route=\/wp\/v2\/posts\/292005\/revisions"}],"predecessor-version":[{"id":292007,"href":"https:\/\/archive.sana.sy\/tr\/index.php?rest_route=\/wp\/v2\/posts\/292005\/revisions\/292007"}],"wp:featuredmedia":[{"embeddable":true,"href":"https:\/\/archive.sana.sy\/tr\/index.php?rest_route=\/wp\/v2\/media\/292006"}],"wp:attachment":[{"href":"https:\/\/archive.sana.sy\/tr\/index.php?rest_route=%2Fwp%2Fv2%2Fmedia&parent=292005"}],"wp:term":[{"taxonomy":"category","embeddable":true,"href":"https:\/\/archive.sana.sy\/tr\/index.php?rest_route=%2Fwp%2Fv2%2Fcategories&post=292005"},{"taxonomy":"post_tag","embeddable":true,"href":"https:\/\/archive.sana.sy\/tr\/index.php?rest_route=%2Fwp%2Fv2%2Ftags&post=292005"}],"curies":[{"name":"wp","href":"https:\/\/api.w.org\/{rel}","templated":true}]}}