{"id":292008,"date":"2023-11-15T16:23:37","date_gmt":"2023-11-15T13:23:37","guid":{"rendered":"https:\/\/sana.sy\/tr\/?p=292008"},"modified":"2023-11-18T09:26:01","modified_gmt":"2023-11-18T06:26:01","slug":"cumhurbaskani-esad-arsakyani-kabul-ederken-suriye-ermeni-iliskilerinin-derinligini-ve-guclendirilmesinin-gerekliligini-vurguladi","status":"publish","type":"post","link":"https:\/\/archive.sana.sy\/tr\/?p=292008","title":{"rendered":"Cumhurba\u015fkan\u0131 Esad, Ar\u015fakyan&#8217;\u0131 Kabul Ederken Suriye-Ermeni \u0130li\u015fkilerinin Derinli\u011fini Ve G\u00fc\u00e7lendirilmesinin Gereklili\u011fini Vurgulad\u0131"},"content":{"rendered":"<p style=\"text-align: justify;\"><strong>\u015eAM 15 KASIM (SANA)<\/strong> &#8211; Bug\u00fcn Cumhurba\u015fkan\u0131 Be\u015f\u015far Esad, Meclis Ba\u015fkan Yard\u0131mc\u0131s\u0131 Hagop Arshakyan ba\u015fkanl\u0131\u011f\u0131ndaki Ermeni Ulusal Meclisi heyetini kabul etti.<\/p>\n<p style=\"text-align: justify;\">Cumhurba\u015fkan\u0131 Esad, iki \u00fclke ile Suriye ve Ermeni halklar\u0131 aras\u0131ndaki ikili ili\u015fkilerin derinli\u011fine dikkat \u00e7ekerken, \u00fclkelerin ve halklar\u0131n kaderlerine h\u00fckmetmeye ve kontrol etmeye devam eden Bat\u0131&#8217;n\u0131n politikalar\u0131 sonucunda, \u00fclkelerin ya\u015fad\u0131\u011f\u0131 zorluklar ve d\u00fcnyan\u0131n tan\u0131k oldu\u011fu \u00e7alkant\u0131lar \u0131\u015f\u0131\u011f\u0131nda bu ili\u015fkinin g\u00fc\u00e7lendirilmesinin gereklili\u011finin alt\u0131n\u0131 \u00e7izdi.<\/p>\n<p style=\"text-align: center;\"><strong><a href=\"https:\/\/t.me\/SuriyeArapHaberAjansI\">Telegram Kanal\u0131m\u0131z\u00a0<\/a>||<a href=\"https:\/\/twitter.com\/arap_ajans\">X Platformumuz\u00a0<\/a>||<a href=\"https:\/\/www.facebook.com\/SANAHaberAjansi\/\">Facebook Sayfam\u0131z<\/a><\/strong><\/p>\n","protected":false},"excerpt":{"rendered":"<p>\u015eAM 15 KASIM (SANA) &#8211; Bug\u00fcn Cumhurba\u015fkan\u0131 Be\u015f\u015far Esad, Meclis Ba\u015fkan Yard\u0131mc\u0131s\u0131 Hagop Arshakyan ba\u015fkanl\u0131\u011f\u0131ndaki Ermeni Ulusal Meclisi heyetini kabul etti. Cumhurba\u015fkan\u0131 Esad, iki \u00fclke ile Suriye ve Ermeni halklar\u0131 aras\u0131ndaki ikili ili\u015fkilerin derinli\u011fine dikkat \u00e7ekerken, \u00fclkelerin ve halklar\u0131n kaderlerine h\u00fckmetmeye ve kontrol etmeye devam eden Bat\u0131&#8217;n\u0131n politikalar\u0131 sonucunda, \u00fclkelerin ya\u015fad\u0131\u011f\u0131 zorluklar ve d\u00fcnyan\u0131n tan\u0131k &hellip;<\/p>\n","protected":false},"author":41,"featured_media":292009,"comment_status":"closed","ping_status":"closed","sticky":false,"template":"","format":"standard","meta":{"footnotes":""},"categories":[606,605,17988],"tags":[40393,38219],"class_list":["post-292008","post","type-post","status-publish","format-standard","has-post-thumbnail","","category-cumhurbaskani","category-sayin-cumhurbaskani","category-son-haberler","tag-arsakyani-kabul-ederken-suriye-ermeni-iliskilerinin-derinligini-ve-guclendirilmesinin-gerekliligini-vurguladi","tag-cumhurbaskani-esad"],"_links":{"self":[{"href":"https:\/\/archive.sana.sy\/tr\/index.php?rest_route=\/wp\/v2\/posts\/292008","targetHints":{"allow":["GET"]}}],"collection":[{"href":"https:\/\/archive.sana.sy\/tr\/index.php?rest_route=\/wp\/v2\/posts"}],"about":[{"href":"https:\/\/archive.sana.sy\/tr\/index.php?rest_route=\/wp\/v2\/types\/post"}],"author":[{"embeddable":true,"href":"https:\/\/archive.sana.sy\/tr\/index.php?rest_route=\/wp\/v2\/users\/41"}],"replies":[{"embeddable":true,"href":"https:\/\/archive.sana.sy\/tr\/index.php?rest_route=%2Fwp%2Fv2%2Fcomments&post=292008"}],"version-history":[{"count":4,"href":"https:\/\/archive.sana.sy\/tr\/index.php?rest_route=\/wp\/v2\/posts\/292008\/revisions"}],"predecessor-version":[{"id":292020,"href":"https:\/\/archive.sana.sy\/tr\/index.php?rest_route=\/wp\/v2\/posts\/292008\/revisions\/292020"}],"wp:featuredmedia":[{"embeddable":true,"href":"https:\/\/archive.sana.sy\/tr\/index.php?rest_route=\/wp\/v2\/media\/292009"}],"wp:attachment":[{"href":"https:\/\/archive.sana.sy\/tr\/index.php?rest_route=%2Fwp%2Fv2%2Fmedia&parent=292008"}],"wp:term":[{"taxonomy":"category","embeddable":true,"href":"https:\/\/archive.sana.sy\/tr\/index.php?rest_route=%2Fwp%2Fv2%2Fcategories&post=292008"},{"taxonomy":"post_tag","embeddable":true,"href":"https:\/\/archive.sana.sy\/tr\/index.php?rest_route=%2Fwp%2Fv2%2Ftags&post=292008"}],"curies":[{"name":"wp","href":"https:\/\/api.w.org\/{rel}","templated":true}]}}