{"id":292015,"date":"2023-11-15T19:35:50","date_gmt":"2023-11-15T16:35:50","guid":{"rendered":"https:\/\/sana.sy\/tr\/?p=292015"},"modified":"2023-11-16T12:29:50","modified_gmt":"2023-11-16T09:29:50","slug":"lavrov-filistin-devletinin-kurulmasi-kacinilmazdir","status":"publish","type":"post","link":"https:\/\/archive.sana.sy\/tr\/?p=292015","title":{"rendered":"Lavrov: Filistin Devletinin Kurulmas\u0131 Ka\u00e7\u0131n\u0131lmazd\u0131r"},"content":{"rendered":"<p style=\"text-align: justify;\"><strong>MOSKOVA 15 KASIM (SANA)<\/strong> &#8211; Rusya D\u0131\u015fi\u015fleri Bakan\u0131 Sergey Lavrov bug\u00fcn Filistin devletinin kurulmas\u0131n\u0131n ka\u00e7\u0131n\u0131lmazl\u0131\u011f\u0131n\u0131 vurgulayarak, Gazze \u015eeridi&#8217;ndeki insani sorunlar\u0131n \u00e7\u00f6z\u00fclmesi gerekti\u011fini vurgulad\u0131.<\/p>\n<p style=\"text-align: justify;\">Lavrov, RT&#8217;ye verdi\u011fi r\u00f6portajda, Filistin devletinin kurulmas\u0131 ka\u00e7\u0131n\u0131lmaz ve ka\u00e7\u0131n\u0131lmazd\u0131r ve Filistin halk\u0131n\u0131n Gazze \u015eeridi&#8217;nden yerinden edilmemesini sa\u011flamal\u0131y\u0131z.&#8221; &#8220;Ate\u015fkes ve Gazze \u015eeridi&#8217;ndeki insani sorunlar\u0131n \u00e7\u00f6z\u00fclmesi art\u0131k bir \u00f6ncelik te\u015fkil ediyor&#8221; diyerek, &#8220;Washington, \u0130srail&#8217;in elini kolunu ba\u011flamak istemiyor ve bunun nedeni de, \u00e7at\u0131\u015fmay\u0131 \u0130srail&#8217;in istemedi\u011fi \u015fekilde bitirmek istememesidir&#8221; ifadelerini kulland\u0131.<\/p>\n<p style=\"text-align: justify;\">Ba\u015fka bir ba\u011flamda Lavrov, Bat\u0131&#8217;n\u0131n k\u00fcresel ekonomi \u00fczerindeki hegemonyas\u0131n\u0131n sona erdi\u011fini ve d\u00fcnyada Bat\u0131 ile rekabet edebilecek yeni ekonomik b\u00fcy\u00fcme merkezlerinin ortaya \u00e7\u0131kt\u0131\u011f\u0131n\u0131 vurgularken, &#8220;D\u00fcnyada \u00e7ok kutuplulu\u011fun hakim oldu\u011fu yeni bir d\u00f6nem \u015fekillenmeye ba\u015fl\u0131yor&#8221; dedi.<\/p>\n<p style=\"text-align: justify;\">Lavrov ayr\u0131ca, \u00c7in, Hindistan, \u0130ran ve Latin Amerika ve Karayip \u00dclkeleri Grubu&#8217;nun (CELAC) d\u00fcnyan\u0131n y\u00fckselen ekonomik g\u00fc\u00e7leri aras\u0131nda yer ald\u0131\u011f\u0131n\u0131 belirtti.<\/p>\n<p style=\"text-align: center;\"><strong><a href=\"https:\/\/t.me\/SuriyeArapHaberAjansI\">Telegram Kanal\u0131m\u0131z\u00a0<\/a>||<a href=\"https:\/\/twitter.com\/arap_ajans\">X Platformumuz\u00a0<\/a>||<a href=\"https:\/\/www.facebook.com\/SANAHaberAjansi\/\">Facebook Sayfam\u0131z<\/a><\/strong><\/p>\n","protected":false},"excerpt":{"rendered":"<p>MOSKOVA 15 KASIM (SANA) &#8211; Rusya D\u0131\u015fi\u015fleri Bakan\u0131 Sergey Lavrov bug\u00fcn Filistin devletinin kurulmas\u0131n\u0131n ka\u00e7\u0131n\u0131lmazl\u0131\u011f\u0131n\u0131 vurgulayarak, Gazze \u015eeridi&#8217;ndeki insani sorunlar\u0131n \u00e7\u00f6z\u00fclmesi gerekti\u011fini vurgulad\u0131. Lavrov, RT&#8217;ye verdi\u011fi r\u00f6portajda, Filistin devletinin kurulmas\u0131 ka\u00e7\u0131n\u0131lmaz ve ka\u00e7\u0131n\u0131lmazd\u0131r ve Filistin halk\u0131n\u0131n Gazze \u015eeridi&#8217;nden yerinden edilmemesini sa\u011flamal\u0131y\u0131z.&#8221; &#8220;Ate\u015fkes ve Gazze \u015eeridi&#8217;ndeki insani sorunlar\u0131n \u00e7\u00f6z\u00fclmesi art\u0131k bir \u00f6ncelik te\u015fkil ediyor&#8221; diyerek, &#8220;Washington, &hellip;<\/p>\n","protected":false},"author":41,"featured_media":292016,"comment_status":"closed","ping_status":"closed","sticky":false,"template":"","format":"standard","meta":{"footnotes":""},"categories":[458,459,17988],"tags":[],"class_list":["post-292015","post","type-post","status-publish","format-standard","has-post-thumbnail","","category-dunya1","category-haberler-arap-uluslararasi-politika","category-son-haberler"],"_links":{"self":[{"href":"https:\/\/archive.sana.sy\/tr\/index.php?rest_route=\/wp\/v2\/posts\/292015","targetHints":{"allow":["GET"]}}],"collection":[{"href":"https:\/\/archive.sana.sy\/tr\/index.php?rest_route=\/wp\/v2\/posts"}],"about":[{"href":"https:\/\/archive.sana.sy\/tr\/index.php?rest_route=\/wp\/v2\/types\/post"}],"author":[{"embeddable":true,"href":"https:\/\/archive.sana.sy\/tr\/index.php?rest_route=\/wp\/v2\/users\/41"}],"replies":[{"embeddable":true,"href":"https:\/\/archive.sana.sy\/tr\/index.php?rest_route=%2Fwp%2Fv2%2Fcomments&post=292015"}],"version-history":[{"count":1,"href":"https:\/\/archive.sana.sy\/tr\/index.php?rest_route=\/wp\/v2\/posts\/292015\/revisions"}],"predecessor-version":[{"id":292017,"href":"https:\/\/archive.sana.sy\/tr\/index.php?rest_route=\/wp\/v2\/posts\/292015\/revisions\/292017"}],"wp:featuredmedia":[{"embeddable":true,"href":"https:\/\/archive.sana.sy\/tr\/index.php?rest_route=\/wp\/v2\/media\/292016"}],"wp:attachment":[{"href":"https:\/\/archive.sana.sy\/tr\/index.php?rest_route=%2Fwp%2Fv2%2Fmedia&parent=292015"}],"wp:term":[{"taxonomy":"category","embeddable":true,"href":"https:\/\/archive.sana.sy\/tr\/index.php?rest_route=%2Fwp%2Fv2%2Fcategories&post=292015"},{"taxonomy":"post_tag","embeddable":true,"href":"https:\/\/archive.sana.sy\/tr\/index.php?rest_route=%2Fwp%2Fv2%2Ftags&post=292015"}],"curies":[{"name":"wp","href":"https:\/\/api.w.org\/{rel}","templated":true}]}}