{"id":29202,"date":"2015-04-10T19:42:14","date_gmt":"2015-04-10T16:42:14","guid":{"rendered":"http:\/\/www.sana.sy\/tr\/?p=29202"},"modified":"2015-04-11T14:51:08","modified_gmt":"2015-04-11T11:51:08","slug":"caferi-taraflar-var-olan-durumun-degerlendirmesi-belgesinde-uzlasti","status":"publish","type":"post","link":"https:\/\/archive.sana.sy\/tr\/?p=29202","title":{"rendered":"Caferi: Taraflar \u201cVar Olan Durumun De\u011ferlendirmesi\u201d Belgesinde Uzla\u015ft\u0131"},"content":{"rendered":"<p>MOSKOVA \u2013 Moskova\u2019da d\u00fczenlenen \u0130kinci Suriyeli-Suriyeli \u0130sti\u015fare Haz\u0131rl\u0131k Toplant\u0131s\u0131na kat\u0131lan Suriyeli heyetin ba\u015fkan\u0131 ve Suriye&#8217;nin BM Daimi Temsilcisi Be\u015f\u015far el Caferi; Suriye h\u00fck\u00fcmeti heyetinin toplant\u0131y\u0131 olumlu olarak de\u011ferlendirdi\u011fini ifade etti.<\/p>\n<p>Caferi bug\u00fcn d\u00fczenledi\u011fi bas\u0131n konferans\u0131nda, h\u00fck\u00fcmet heyeti ile muhalefet gruplar\u0131 heyetlerinin \u201cVar Olan Durumun De\u011ferlendirilmesi\u201d ba\u015fl\u0131kl\u0131 ortak bir belge \u00fczerinde uzla\u015ft\u0131klar\u0131n\u0131 ifade etti.<\/p>\n<p>Caferi; \u00fczerinde uzla\u015f\u0131lan belgede Suriyeli vatanda\u015flar\u0131n ter\u00f6r\u00fcn tehlikesi ve de\u011ferlendirilmesi ile ilgili \u00e7abalar\u0131n birle\u015ftirilmesi, Suriye h\u00fck\u00fcmeti ve muhalefetinin ter\u00f6re kar\u015f\u0131 m\u00fccadelede birle\u015fmesi ve Suriye Arap Ordusunun ter\u00f6re kar\u015f\u0131 desteklenmesi gibi konulardaki endi\u015felerine yer verildi\u011fini dile getirdi.<\/p>\n<p><span style=\"color: #0000ff\">Rusya\u2019n\u0131n Rol\u00fc Moderat\u00f6r ve G\u00f6zlemci S\u0131fat\u0131yla S\u0131n\u0131rl\u0131 Kald\u0131<\/span><\/p>\n<p>Rusya taraf\u0131n\u0131n toplant\u0131larda tarafs\u0131z ve ba\u011f\u0131ms\u0131z kald\u0131\u011f\u0131n\u0131n alt\u0131n\u0131 \u00e7izen Caferi; Rusya taraf\u0131n\u0131n toplant\u0131lardaki rol\u00fcn\u00fcn moderat\u00f6r ve g\u00f6zlemci s\u0131fat\u0131 ile s\u0131n\u0131rl\u0131 kald\u0131\u011f\u0131n\u0131 belirtti.<\/p>\n<p>Moderat\u00f6r Profes\u00f6r Vitaly Naomkin\u2019in d\u00fcn oy birli\u011fi ile onaylanan belgenin \u00e7al\u0131\u015fma program\u0131n\u0131n birinci bendi ile ilgili oldu\u011funu ve \u00e7al\u0131\u015fma program\u0131n\u0131n ikinci bendinin ter\u00f6rle m\u00fccadeleye ili\u015fkin oldu\u011funu ancak zaman\u0131n k\u0131s\u0131tl\u0131 olmas\u0131 nedeniyle bu tart\u0131\u015fman\u0131n sonuca ba\u011flanamad\u0131\u011f\u0131n\u0131 a\u00e7\u0131klad\u0131\u011f\u0131n\u0131 aktard\u0131.<\/p>\n<p>Rusya\u2019n\u0131n Suriye krizinin \u00e7\u00f6z\u00fcm\u00fcyle ilgili \u00fcstlendi\u011fi misyonun ve Moskova\u2019da d\u00fczenlenen toplant\u0131lar\u0131n ba\u015far\u0131s\u0131zl\u0131\u011fa u\u011framas\u0131 i\u00e7in \u00e7aba harcayan taraflar bulundu\u011funa i\u015faret eden Caferi; \u201cmuhalefet gruplar\u0131 heyetleri kendi aralar\u0131nda zaman kaybetmeselerdi \u00e7al\u0131\u015fma program\u0131n\u0131n ikinci ve \u00fc\u00e7\u00fcnc\u00fc bentlerinin de sonuca ba\u011flanma \u015fans\u0131 olurdu\u201d \u015feklinde konu\u015ftu.<\/p>\n<p><span style=\"color: #0000ff\">Oylamadan Sonra Fikrini De\u011fi\u015ftiren Taraflar Toplant\u0131lar\u0131 Sabote Etmeye \u00c7al\u0131\u015f\u0131yor<\/span><\/p>\n<p>\u201cVar Olan Durumun De\u011ferlendirmesi\u201d ba\u015fl\u0131kl\u0131 belgenin oylamas\u0131nda olumlu oy kullanan kimi taraflar\u0131n toplant\u0131 bitiminde bas\u0131n kar\u015f\u0131s\u0131nda belgeyi onaylamad\u0131klar\u0131n\u0131 ifade ettiklerini anlatan Caferi, bu taraflar\u0131n toplant\u0131 s\u0131ras\u0131nda red oyu kullanmaya cesaret edemeyen ve daha \u00f6tesi toplant\u0131y\u0131 sabote ederek ba\u015far\u0131s\u0131z olmas\u0131 i\u00e7in \u00e7aba harcayan taraflar olduklar\u0131n\u0131 vurgulad\u0131.<\/p>\n<p>\u00c7al\u0131\u015fma program\u0131n\u0131n ter\u00f6rle m\u00fccadele bendinin \u00f6n\u00fcm\u00fczdeki toplant\u0131lardaki tart\u0131\u015fmalar\u0131n oda\u011f\u0131n\u0131 te\u015fkil edece\u011fine dikkat \u00e7eken Caferi, Moskova s\u00fcrecinin Suriyelilerin kendi aralar\u0131ndaki isti\u015fare toplant\u0131s\u0131ndan ibaret oldu\u011funu ve bu y\u00f6n\u00fcyle d\u0131\u015far\u0131dan hi\u00e7bir \u015fekilde m\u00fcdahale kald\u0131ramayaca\u011f\u0131n\u0131 ibraz etti.<\/p>\n<p>Caferi, BM Genel Sekreterinin Suriye \u00d6zel Temsilcisi Stefan De Mistura\u2019n\u0131n uluslararas\u0131 bir s\u0131fata sahip olmas\u0131 y\u00f6n\u00fcyle Suriyeli-Suriyeli \u0130sti\u015fare toplant\u0131lar\u0131na kat\u0131lmas\u0131n\u0131n toplant\u0131lar\u0131n tabiat\u0131na ayk\u0131r\u0131l\u0131k te\u015fkil edece\u011fini belirtti.<\/p>\n<p><span style=\"color: #0000ff\">Suriye&#8217;nin Ter\u00f6re Kar\u015f\u0131 M\u00fccadelesi Uluslararas\u0131 Kanunlar Nezdinde Me\u015frudur<\/span><\/p>\n<p>Suriye h\u00fck\u00fcmetinin ter\u00f6re kar\u015f\u0131 m\u00fccadelesinin uluslararas\u0131 kanunlar nezdinde me\u015fru oldu\u011funun alt\u0131n\u0131 \u00e7izen Caferi, d\u0131\u015f g\u00fc\u00e7ler ve \u00f6zellikle k\u00f6rfez devletleri, Katar, \u0130srail, T\u00fcrkiye, Suudi Arabistan ve \u00dcrd\u00fcn gibi devletler taraf\u0131ndan lojistik ve finans deste\u011fi alan silahl\u0131 ter\u00f6r gruplar\u0131na kar\u015f\u0131 m\u00fccadelede Suriye h\u00fck\u00fcmetinin de kendi dostlar\u0131ndan destek isteme hakk\u0131 bulundu\u011fumu dile getirdi.<\/p>\n<p>BM Genel Sekreteri Ban Ki Moon\u2019a y\u00f6nlendirilen niday\u0131 sorumsuzca bir davran\u0131\u015f olarak nitelendiren Caferi, bu nidan\u0131n Suriyeli-Suriyeli \u0130sti\u015fare Toplant\u0131lar\u0131 kapsam\u0131n\u0131n d\u0131\u015f\u0131ndan gelmi\u015f olup farkl\u0131 propaganda ama\u00e7lar\u0131na hizmet etti\u011fini belirtti.<\/p>\n<p><span style=\"color: #0000ff\">\u0130srail\u2019de Hizmet \u0130\u00e7in Araplar\u0131 Araplara K\u0131rd\u0131rma Planlar\u0131na Kar\u015f\u0131 Dikkatli Olunmal\u0131<\/span><\/p>\n<p>\u0130srail\u2019e hizmet etmek amac\u0131yla haz\u0131rlanan, Araplar\u0131 ve Arap ordular\u0131 birbirine k\u0131rd\u0131rma planlar\u0131n\u0131n tehlikesine i\u015faret eden Caferi, Suriye&#8217;de ter\u00f6r\u00fcn varl\u0131\u011f\u0131n\u0131 y\u0131llard\u0131r inkar eden devletlerin bug\u00fcn Suriye&#8217;de bulunan ter\u00f6re kar\u015f\u0131 sava\u015fma \u00e7a\u011fr\u0131lar\u0131 yapan devletlerle ayn\u0131 devletler oldu\u011funu hat\u0131rlatt\u0131.<\/p>\n<p>Caferi a\u00e7\u0131klamalar\u0131n\u0131, Suriyeli-Suriyeli \u0130sti\u015fare Toplant\u0131lar\u0131n\u0131 a\u011f\u0131rlayarak bu toplant\u0131lar\u0131n ba\u015far\u0131ya ula\u015fmas\u0131 i\u00e7in gerekli b\u00fct\u00fcn kolayl\u0131klar\u0131 sa\u011flayan Rusya h\u00fck\u00fcmetine te\u015fekk\u00fcrlerini sunarak noktalad\u0131.<\/p>\n<p>F.B. &#8211; M.M.<\/p>\n","protected":false},"excerpt":{"rendered":"<p>MOSKOVA \u2013 Moskova\u2019da d\u00fczenlenen \u0130kinci Suriyeli-Suriyeli \u0130sti\u015fare Haz\u0131rl\u0131k Toplant\u0131s\u0131na kat\u0131lan Suriyeli heyetin ba\u015fkan\u0131 ve Suriye&#8217;nin BM Daimi Temsilcisi Be\u015f\u015far el Caferi; Suriye h\u00fck\u00fcmeti heyetinin toplant\u0131y\u0131 olumlu olarak de\u011ferlendirdi\u011fini ifade etti. Caferi bug\u00fcn d\u00fczenledi\u011fi bas\u0131n konferans\u0131nda, h\u00fck\u00fcmet heyeti ile muhalefet gruplar\u0131 heyetlerinin \u201cVar Olan Durumun De\u011ferlendirilmesi\u201d ba\u015fl\u0131kl\u0131 ortak bir belge \u00fczerinde uzla\u015ft\u0131klar\u0131n\u0131 ifade etti. Caferi; \u00fczerinde &hellip;<\/p>\n","protected":false},"author":1,"featured_media":29203,"comment_status":"closed","ping_status":"closed","sticky":false,"template":"","format":"standard","meta":{"footnotes":""},"categories":[458,459,2554,2555],"tags":[13512,13513],"class_list":["post-29202","post","type-post","status-publish","format-standard","has-post-thumbnail","","category-dunya1","category-haberler-arap-uluslararasi-politika","category-suriye-ve-dunya","category-suriye-ve-turkiye","tag-caferi-taraflar-var-olan-durumun-degerlendirmesi-belgesinde-uzlasti","tag-moskova-moskovada-duzenlenen-ikinci-suriyeli-suriyeli-istisare-hazirlik-toplantisina-katilan-suriyeli-heyetin-baskani-ve-suriyenin-bm-daimi-temsilcisi-bessar-el-caferi-suriye-huku"],"_links":{"self":[{"href":"https:\/\/archive.sana.sy\/tr\/index.php?rest_route=\/wp\/v2\/posts\/29202","targetHints":{"allow":["GET"]}}],"collection":[{"href":"https:\/\/archive.sana.sy\/tr\/index.php?rest_route=\/wp\/v2\/posts"}],"about":[{"href":"https:\/\/archive.sana.sy\/tr\/index.php?rest_route=\/wp\/v2\/types\/post"}],"author":[{"embeddable":true,"href":"https:\/\/archive.sana.sy\/tr\/index.php?rest_route=\/wp\/v2\/users\/1"}],"replies":[{"embeddable":true,"href":"https:\/\/archive.sana.sy\/tr\/index.php?rest_route=%2Fwp%2Fv2%2Fcomments&post=29202"}],"version-history":[{"count":0,"href":"https:\/\/archive.sana.sy\/tr\/index.php?rest_route=\/wp\/v2\/posts\/29202\/revisions"}],"wp:featuredmedia":[{"embeddable":true,"href":"https:\/\/archive.sana.sy\/tr\/index.php?rest_route=\/wp\/v2\/media\/29203"}],"wp:attachment":[{"href":"https:\/\/archive.sana.sy\/tr\/index.php?rest_route=%2Fwp%2Fv2%2Fmedia&parent=29202"}],"wp:term":[{"taxonomy":"category","embeddable":true,"href":"https:\/\/archive.sana.sy\/tr\/index.php?rest_route=%2Fwp%2Fv2%2Fcategories&post=29202"},{"taxonomy":"post_tag","embeddable":true,"href":"https:\/\/archive.sana.sy\/tr\/index.php?rest_route=%2Fwp%2Fv2%2Ftags&post=29202"}],"curies":[{"name":"wp","href":"https:\/\/api.w.org\/{rel}","templated":true}]}}