{"id":292054,"date":"2023-11-16T15:09:24","date_gmt":"2023-11-16T12:09:24","guid":{"rendered":"https:\/\/sana.sy\/tr\/?p=292054"},"modified":"2023-11-18T09:25:29","modified_gmt":"2023-11-18T06:25:29","slug":"filistin-direnisi-dunya-halklarini-isgalin-gazzeye-yonelik-saldirganligini-reddeden-hareketlerini-yukseltmeye-cagirdi","status":"publish","type":"post","link":"https:\/\/archive.sana.sy\/tr\/?p=292054","title":{"rendered":"Filistin Direni\u015fi, D\u00fcnya halklar\u0131n\u0131 \u0130\u015fgalin Gazze&#8217;ye Y\u00f6nelik Sald\u0131rganl\u0131\u011f\u0131n\u0131 Reddeden Hareketlerini Y\u00fckseltmeye \u00c7a\u011f\u0131rd\u0131"},"content":{"rendered":"<p style=\"text-align: justify;\"><strong>\u0130\u015eGAL ED\u0130LEN KUD\u00dcS 16 KASIM (SANA)<\/strong> &#8211; Filistin direni\u015fi, \u0130srail&#8217;in ku\u015fatma alt\u0131ndaki Gazze \u015eeridi&#8217;ne y\u00f6nelik devam eden i\u015fgal sald\u0131r\u0131s\u0131n\u0131 reddeden hareketini d\u00fcnya halklar\u0131na y\u00fckseltme \u00e7a\u011fr\u0131s\u0131n\u0131 41&#8217;inci g\u00fcn\u00fcnde de yineledi.<\/p>\n<p style=\"text-align: justify;\">Direni\u015f bug\u00fcn yapt\u0131\u011f\u0131 a\u00e7\u0131klamada \u015funlar\u0131 s\u00f6yledi: &#8221;Nazi-Siyonist i\u015fgalinin Gazze \u015eeridi&#8217;nde ger\u00e7ekle\u015ftirdi\u011fi sald\u0131r\u0131, soyk\u0131r\u0131m sava\u015f\u0131 ve hastaneleri hedef alan su\u00e7lar\u0131n k\u0131rk birinci g\u00fcn\u00fcnde devam etmesi \u0131\u015f\u0131\u011f\u0131nda, Arap ve \u0130slam milletimizin kitlelerine, t\u00fcm d\u00fcnyadaki ya\u015fayan vicdanlara ve \u00f6zg\u00fcr insanlara, sald\u0131rganl\u0131\u011f\u0131 reddeden, halk\u0131m\u0131zla ve onlar\u0131n me\u015fru haklar\u0131yla dayan\u0131\u015fma i\u00e7inde olan kitle hareketlerini ve halk faaliyetlerini s\u00fcrd\u00fcrme \u00e7a\u011fr\u0131m\u0131z\u0131 yineliyoruz.&#8221;<\/p>\n<p style=\"text-align: justify;\">Direni\u015f\u00a0 ayr\u0131ca, &#8221;\u00d6n\u00fcm\u00fczdeki Cuma, Gazze\u2019nin Hastanelerini Kurtar\u0131n\u2026 Gazze\u2019nin \u00c7ocuklar\u0131n\u0131 Kurtar\u0131n\u201d slogan\u0131yla Cumartesi ve Pazar g\u00fcnleri t\u00fcm \u015fehirlerde, ba\u015fkentlerde ve meydanlarda her t\u00fcrl\u00fc g\u00f6sterinin, halk y\u00fcr\u00fcy\u00fc\u015flerinin ve etkinliklerin t\u0131rmand\u0131r\u0131laca\u011f\u0131 g\u00fcnler olsun. Gazze \u015eeridi&#8217;ne y\u00f6nelik neo-Nazi sald\u0131r\u0131s\u0131 sona erene kadar, Gazze, halk\u0131 ve \u00e7ocuklar\u0131 ile dayan\u0131\u015fma i\u00e7inde ve i\u015fgalin hastanelere y\u00f6nelik sava\u015f\u0131n\u0131 reddeden \u00f6zg\u00fcr sesler ve onurlu duru\u015flar y\u00fckselsin&#8221; ifadelerini kulland\u0131.<\/p>\n<p style=\"text-align: center;\"><strong><a href=\"https:\/\/t.me\/SuriyeArapHaberAjansI\">Telegram Kanal\u0131m\u0131z\u00a0<\/a>||<a href=\"https:\/\/twitter.com\/arap_ajans\">X Platformumuz\u00a0<\/a>||<a href=\"https:\/\/www.facebook.com\/SANAHaberAjansi\/\">Facebook Sayfam\u0131z<\/a><\/strong><\/p>\n<p style=\"text-align: justify;\">\n","protected":false},"excerpt":{"rendered":"<p>\u0130\u015eGAL ED\u0130LEN KUD\u00dcS 16 KASIM (SANA) &#8211; Filistin direni\u015fi, \u0130srail&#8217;in ku\u015fatma alt\u0131ndaki Gazze \u015eeridi&#8217;ne y\u00f6nelik devam eden i\u015fgal sald\u0131r\u0131s\u0131n\u0131 reddeden hareketini d\u00fcnya halklar\u0131na y\u00fckseltme \u00e7a\u011fr\u0131s\u0131n\u0131 41&#8217;inci g\u00fcn\u00fcnde de yineledi. Direni\u015f bug\u00fcn yapt\u0131\u011f\u0131 a\u00e7\u0131klamada \u015funlar\u0131 s\u00f6yledi: &#8221;Nazi-Siyonist i\u015fgalinin Gazze \u015eeridi&#8217;nde ger\u00e7ekle\u015ftirdi\u011fi sald\u0131r\u0131, soyk\u0131r\u0131m sava\u015f\u0131 ve hastaneleri hedef alan su\u00e7lar\u0131n k\u0131rk birinci g\u00fcn\u00fcnde devam etmesi \u0131\u015f\u0131\u011f\u0131nda, Arap &hellip;<\/p>\n","protected":false},"author":1,"featured_media":292055,"comment_status":"closed","ping_status":"closed","sticky":false,"template":"","format":"standard","meta":{"footnotes":""},"categories":[458,459,17988],"tags":[],"class_list":["post-292054","post","type-post","status-publish","format-standard","has-post-thumbnail","","category-dunya1","category-haberler-arap-uluslararasi-politika","category-son-haberler"],"_links":{"self":[{"href":"https:\/\/archive.sana.sy\/tr\/index.php?rest_route=\/wp\/v2\/posts\/292054","targetHints":{"allow":["GET"]}}],"collection":[{"href":"https:\/\/archive.sana.sy\/tr\/index.php?rest_route=\/wp\/v2\/posts"}],"about":[{"href":"https:\/\/archive.sana.sy\/tr\/index.php?rest_route=\/wp\/v2\/types\/post"}],"author":[{"embeddable":true,"href":"https:\/\/archive.sana.sy\/tr\/index.php?rest_route=\/wp\/v2\/users\/1"}],"replies":[{"embeddable":true,"href":"https:\/\/archive.sana.sy\/tr\/index.php?rest_route=%2Fwp%2Fv2%2Fcomments&post=292054"}],"version-history":[{"count":2,"href":"https:\/\/archive.sana.sy\/tr\/index.php?rest_route=\/wp\/v2\/posts\/292054\/revisions"}],"predecessor-version":[{"id":292093,"href":"https:\/\/archive.sana.sy\/tr\/index.php?rest_route=\/wp\/v2\/posts\/292054\/revisions\/292093"}],"wp:featuredmedia":[{"embeddable":true,"href":"https:\/\/archive.sana.sy\/tr\/index.php?rest_route=\/wp\/v2\/media\/292055"}],"wp:attachment":[{"href":"https:\/\/archive.sana.sy\/tr\/index.php?rest_route=%2Fwp%2Fv2%2Fmedia&parent=292054"}],"wp:term":[{"taxonomy":"category","embeddable":true,"href":"https:\/\/archive.sana.sy\/tr\/index.php?rest_route=%2Fwp%2Fv2%2Fcategories&post=292054"},{"taxonomy":"post_tag","embeddable":true,"href":"https:\/\/archive.sana.sy\/tr\/index.php?rest_route=%2Fwp%2Fv2%2Ftags&post=292054"}],"curies":[{"name":"wp","href":"https:\/\/api.w.org\/{rel}","templated":true}]}}