{"id":292060,"date":"2023-11-16T13:27:59","date_gmt":"2023-11-16T10:27:59","guid":{"rendered":"https:\/\/sana.sy\/tr\/?p=292060"},"modified":"2023-11-17T09:05:33","modified_gmt":"2023-11-17T06:05:33","slug":"isgalci-israil-gazze-seridine-yonelik-saldirganligini-41inci-gununde-surduruyor","status":"publish","type":"post","link":"https:\/\/archive.sana.sy\/tr\/?p=292060","title":{"rendered":"\u0130\u015fgalci \u0130srail Gazze \u015eeridi&#8217;ne Y\u00f6nelik Sald\u0131rganl\u0131\u011f\u0131n\u0131 41&#8217;inci G\u00fcn\u00fcnde S\u00fcrd\u00fcr\u00fcyor"},"content":{"rendered":"<p style=\"text-align: justify;\"><strong>\u0130\u015eGAL ED\u0130LEN KUD\u00dcS 16 KASIM (SANA) <\/strong>&#8211; \u0130srail&#8217;in ku\u015fatma alt\u0131ndaki Gazze \u015eeridi&#8217;ne y\u00f6nelik k\u0131rk birinci g\u00fcn\u00fcnde s\u00fcrd\u00fcrd\u00fc\u011f\u00fc i\u015fgal sald\u0131r\u0131lar\u0131 sonucunda bug\u00fcn 11 Filistinli \u015fehit olurken, i\u015fgal g\u00fc\u00e7lerinin \u015eifa T\u0131p Kompleksi&#8217;ne 24 saat i\u00e7inde ikinci kez bask\u0131n yapmas\u0131 sonucu bug\u00fcn de 11 Filistinli hayat\u0131n\u0131 kaybetti, \u00e7ok say\u0131da ki\u015fi de yaraland\u0131.<\/p>\n<p style=\"text-align: justify;\">Filistin medyas\u0131, i\u015fgal u\u00e7aklar\u0131n\u0131n Gazze \u015eeridi&#8217;nin merkezindeki El Ma\u011fazi kamp\u0131n\u0131n kuzey giri\u015findeki bir benzin istasyonu yak\u0131n\u0131ndaki yerinden edilmi\u015f insanlar\u0131 bombalad\u0131\u011f\u0131n\u0131, bunun sonucunda \u00e7o\u011fu \u00e7ocuk olmak \u00fczere 11 ki\u015finin \u00f6l\u00fcm\u00fcne ve d\u00fczinelerce yaralanmaya yol a\u00e7t\u0131\u011f\u0131n\u0131 bildirdi.<\/p>\n<p style=\"text-align: justify;\">\u0130\u015fgal buldozerleri ve ara\u00e7lar\u0131 da bug\u00fcn \u015fafak vakti Gazze&#8217;deki El \u015eifa T\u0131p Kompleksi&#8217;nin g\u00fcney giri\u015finden yeniden bask\u0131n d\u00fczenleyerek buray\u0131 tamamen buldozerlerle y\u0131kt\u0131 ve avlusundaki t\u00fcm ara\u00e7lar\u0131 imha etti.<\/p>\n<p style=\"text-align: justify;\">\u00a0 Ayr\u0131ca kompleksin kuzey giri\u015finden bask\u0131n d\u00fczenlediler, bodrum kat\u0131n\u0131 ve radyoloji b\u00f6l\u00fcm\u00fcn\u00fc bast\u0131lar, MR ve r\u00f6ntgen makinelerini yok ettiler ve kompleksin avlusuna y\u00fcz tan\u0131ma kameralar\u0131 ve elektronik kap\u0131lar yerle\u015ftirdiler.<\/p>\n<p style=\"text-align: justify;\">\u0130\u015fgalci G\u00fc\u00e7ler yerinden edilmi\u015f baz\u0131 ki\u015fileri k\u0131yafetlerini \u00e7\u0131karmaya zorlad\u0131, onlar\u0131 tutuklad\u0131 ve doktorlar\u0131, hastalar\u0131 ve yerinden edilmi\u015f ki\u015fileri sorguya \u00e7ekti; buna ek olarak i\u015fgal tanklar\u0131 \u00fcst \u00fcste yedinci g\u00fcn yerle\u015fkeyi ku\u015fatmaya da \u00a0devam etti.<\/p>\n<p style=\"text-align: justify;\">Ayn\u0131 ba\u011flamda, \u0130\u015fgal g\u00fc\u00e7leri\u00a0 Gazze&#8217;deki El Zaytun mahallesini, Cuhr El Dik&#8217;i, merkezdeki Nuseyrat kamp\u0131n\u0131, Endonezya Hastanesi \u00e7evresini ve kuzeyindeki Beyt Lahia&#8217;y\u0131 u\u00e7ak ve top\u00e7u sahalar\u0131yla bombalad\u0131.<\/p>\n<p style=\"text-align: justify;\">\u00a0 \u0130\u015fgalin ge\u00e7ti\u011fimiz Ekim ay\u0131n\u0131n 7&#8217;sinden bu yana Gazze \u015eeridi&#8217;ne y\u00f6nelik devam eden sald\u0131rganl\u0131\u011f\u0131 sonucunda 4 bin 710&#8217;u \u00e7ocuk 11 bin 500 Filistinli \u015fehit oldu, yakla\u015f\u0131k 30 bin ki\u015fi de yaraland\u0131.<\/p>\n<p><strong><a href=\"https:\/\/t.me\/SuriyeArapHaberAjansI\">Telegram Kanal\u0131m\u0131z\u00a0<\/a>||<a href=\"https:\/\/twitter.com\/arap_ajans\">X Platformumuz\u00a0<\/a>||<a href=\"https:\/\/www.facebook.com\/SANAHaberAjansi\/\">Facebook Sayfam\u0131z<\/a><\/strong><\/p>\n","protected":false},"excerpt":{"rendered":"<p>\u0130\u015eGAL ED\u0130LEN KUD\u00dcS 16 KASIM (SANA) &#8211; \u0130srail&#8217;in ku\u015fatma alt\u0131ndaki Gazze \u015eeridi&#8217;ne y\u00f6nelik k\u0131rk birinci g\u00fcn\u00fcnde s\u00fcrd\u00fcrd\u00fc\u011f\u00fc i\u015fgal sald\u0131r\u0131lar\u0131 sonucunda bug\u00fcn 11 Filistinli \u015fehit olurken, i\u015fgal g\u00fc\u00e7lerinin \u015eifa T\u0131p Kompleksi&#8217;ne 24 saat i\u00e7inde ikinci kez bask\u0131n yapmas\u0131 sonucu bug\u00fcn de 11 Filistinli hayat\u0131n\u0131 kaybetti, \u00e7ok say\u0131da ki\u015fi de yaraland\u0131. Filistin medyas\u0131, i\u015fgal u\u00e7aklar\u0131n\u0131n Gazze \u015eeridi&#8217;nin &hellip;<\/p>\n","protected":false},"author":1,"featured_media":292061,"comment_status":"closed","ping_status":"closed","sticky":false,"template":"","format":"standard","meta":{"footnotes":""},"categories":[458,459,17988],"tags":[],"class_list":["post-292060","post","type-post","status-publish","format-standard","has-post-thumbnail","","category-dunya1","category-haberler-arap-uluslararasi-politika","category-son-haberler"],"_links":{"self":[{"href":"https:\/\/archive.sana.sy\/tr\/index.php?rest_route=\/wp\/v2\/posts\/292060","targetHints":{"allow":["GET"]}}],"collection":[{"href":"https:\/\/archive.sana.sy\/tr\/index.php?rest_route=\/wp\/v2\/posts"}],"about":[{"href":"https:\/\/archive.sana.sy\/tr\/index.php?rest_route=\/wp\/v2\/types\/post"}],"author":[{"embeddable":true,"href":"https:\/\/archive.sana.sy\/tr\/index.php?rest_route=\/wp\/v2\/users\/1"}],"replies":[{"embeddable":true,"href":"https:\/\/archive.sana.sy\/tr\/index.php?rest_route=%2Fwp%2Fv2%2Fcomments&post=292060"}],"version-history":[{"count":2,"href":"https:\/\/archive.sana.sy\/tr\/index.php?rest_route=\/wp\/v2\/posts\/292060\/revisions"}],"predecessor-version":[{"id":292076,"href":"https:\/\/archive.sana.sy\/tr\/index.php?rest_route=\/wp\/v2\/posts\/292060\/revisions\/292076"}],"wp:featuredmedia":[{"embeddable":true,"href":"https:\/\/archive.sana.sy\/tr\/index.php?rest_route=\/wp\/v2\/media\/292061"}],"wp:attachment":[{"href":"https:\/\/archive.sana.sy\/tr\/index.php?rest_route=%2Fwp%2Fv2%2Fmedia&parent=292060"}],"wp:term":[{"taxonomy":"category","embeddable":true,"href":"https:\/\/archive.sana.sy\/tr\/index.php?rest_route=%2Fwp%2Fv2%2Fcategories&post=292060"},{"taxonomy":"post_tag","embeddable":true,"href":"https:\/\/archive.sana.sy\/tr\/index.php?rest_route=%2Fwp%2Fv2%2Ftags&post=292060"}],"curies":[{"name":"wp","href":"https:\/\/api.w.org\/{rel}","templated":true}]}}