{"id":292064,"date":"2023-11-16T14:57:46","date_gmt":"2023-11-16T11:57:46","guid":{"rendered":"https:\/\/sana.sy\/tr\/?p=292064"},"modified":"2023-11-18T09:25:27","modified_gmt":"2023-11-18T06:25:27","slug":"lubnan-ulusal-direnisi-dusman-israilin-toplanma-yerlerini-heref-aldi","status":"publish","type":"post","link":"https:\/\/archive.sana.sy\/tr\/?p=292064","title":{"rendered":"L\u00fcbnan Ulusal Direni\u015fi D\u00fc\u015fman \u0130srail&#8217;in Toplanma Yerlerini Heref Ald\u0131"},"content":{"rendered":"<p style=\"text-align: justify;\"><strong>BEYRUT 16 KASIM (SANA)<\/strong> &#8211; Bug\u00fcn L\u00fcbnan Ulusal Direni\u015fi, i\u015fgal askerlerinin topland\u0131\u011f\u0131 yerleri ve \u0130srail&#8217;in d\u00fc\u015fman mevzilerini hedef alarak do\u011frudan kay\u0131plara neden oldu.<\/p>\n<p style=\"text-align: justify;\">Direni\u015f, 3 ayr\u0131 a\u00e7\u0131klamas\u0131nda \u015fu ifadelere yer verdi: &#8220;Gazze \u015eeridi&#8217;ndeki kararl\u0131 Filistin halk\u0131na ve onlar\u0131n yi\u011fit direni\u015fine destek veren sava\u015f\u00e7\u0131lar\u0131m\u0131z, uygun silahlarla Harmon sahas\u0131n\u0131 hedef alarak do\u011frudan isabetler elde etti.&#8221;<\/p>\n<p style=\"text-align: justify;\">Direni\u015f sava\u015f\u00e7\u0131lar\u0131 ayr\u0131ca Hadab Yarun mevkii yak\u0131nlar\u0131ndaki Karantina Tepesi&#8217;nde d\u00fc\u015fman kuvvetlerinin olu\u015fturdu\u011fu bir piyade toplant\u0131s\u0131n\u0131 ve \u015etula mevkii yak\u0131n\u0131ndaki bir ba\u015fka toplant\u0131y\u0131 da uygun silahlarla hedef ald\u0131 ve do\u011frudan isabet elde etti.<\/p>\n<p style=\"text-align: justify;\">L\u00fcbnan Ulusal Direni\u015fi bug\u00fcn erken saatlerde Bayad Blida, Yiftah K\u0131\u015flas\u0131, Metula ve Misgav Am&#8217;daki \u0130srail d\u00fc\u015fman mevzilerini hedef alarak buralar\u0131 do\u011frudan vurdu.<\/p>\n<p><strong><a href=\"https:\/\/t.me\/SuriyeArapHaberAjansI\">Telegram Kanal\u0131m\u0131z\u00a0<\/a>||<a href=\"https:\/\/twitter.com\/arap_ajans\">X Platformumuz\u00a0<\/a>||<a href=\"https:\/\/www.facebook.com\/SANAHaberAjansi\/\">Facebook Sayfam\u0131z<\/a><\/strong><\/p>\n<p style=\"text-align: justify;\">\n","protected":false},"excerpt":{"rendered":"<p>BEYRUT 16 KASIM (SANA) &#8211; Bug\u00fcn L\u00fcbnan Ulusal Direni\u015fi, i\u015fgal askerlerinin topland\u0131\u011f\u0131 yerleri ve \u0130srail&#8217;in d\u00fc\u015fman mevzilerini hedef alarak do\u011frudan kay\u0131plara neden oldu. Direni\u015f, 3 ayr\u0131 a\u00e7\u0131klamas\u0131nda \u015fu ifadelere yer verdi: &#8220;Gazze \u015eeridi&#8217;ndeki kararl\u0131 Filistin halk\u0131na ve onlar\u0131n yi\u011fit direni\u015fine destek veren sava\u015f\u00e7\u0131lar\u0131m\u0131z, uygun silahlarla Harmon sahas\u0131n\u0131 hedef alarak do\u011frudan isabetler elde etti.&#8221; Direni\u015f sava\u015f\u00e7\u0131lar\u0131 &hellip;<\/p>\n","protected":false},"author":1,"featured_media":292065,"comment_status":"closed","ping_status":"closed","sticky":false,"template":"","format":"standard","meta":{"footnotes":""},"categories":[458,459,17988],"tags":[],"class_list":["post-292064","post","type-post","status-publish","format-standard","has-post-thumbnail","","category-dunya1","category-haberler-arap-uluslararasi-politika","category-son-haberler"],"_links":{"self":[{"href":"https:\/\/archive.sana.sy\/tr\/index.php?rest_route=\/wp\/v2\/posts\/292064","targetHints":{"allow":["GET"]}}],"collection":[{"href":"https:\/\/archive.sana.sy\/tr\/index.php?rest_route=\/wp\/v2\/posts"}],"about":[{"href":"https:\/\/archive.sana.sy\/tr\/index.php?rest_route=\/wp\/v2\/types\/post"}],"author":[{"embeddable":true,"href":"https:\/\/archive.sana.sy\/tr\/index.php?rest_route=\/wp\/v2\/users\/1"}],"replies":[{"embeddable":true,"href":"https:\/\/archive.sana.sy\/tr\/index.php?rest_route=%2Fwp%2Fv2%2Fcomments&post=292064"}],"version-history":[{"count":2,"href":"https:\/\/archive.sana.sy\/tr\/index.php?rest_route=\/wp\/v2\/posts\/292064\/revisions"}],"predecessor-version":[{"id":292121,"href":"https:\/\/archive.sana.sy\/tr\/index.php?rest_route=\/wp\/v2\/posts\/292064\/revisions\/292121"}],"wp:featuredmedia":[{"embeddable":true,"href":"https:\/\/archive.sana.sy\/tr\/index.php?rest_route=\/wp\/v2\/media\/292065"}],"wp:attachment":[{"href":"https:\/\/archive.sana.sy\/tr\/index.php?rest_route=%2Fwp%2Fv2%2Fmedia&parent=292064"}],"wp:term":[{"taxonomy":"category","embeddable":true,"href":"https:\/\/archive.sana.sy\/tr\/index.php?rest_route=%2Fwp%2Fv2%2Fcategories&post=292064"},{"taxonomy":"post_tag","embeddable":true,"href":"https:\/\/archive.sana.sy\/tr\/index.php?rest_route=%2Fwp%2Fv2%2Ftags&post=292064"}],"curies":[{"name":"wp","href":"https:\/\/api.w.org\/{rel}","templated":true}]}}