{"id":292071,"date":"2023-11-16T18:41:41","date_gmt":"2023-11-16T15:41:41","guid":{"rendered":"https:\/\/sana.sy\/tr\/?p=292071"},"modified":"2023-11-19T16:09:20","modified_gmt":"2023-11-19T13:09:20","slug":"cumhurbaskani-esad-16-kasim-2023ten-once-islenen-suclar-icin-genel-af-saglayan-bir-kararname-yayinladi","status":"publish","type":"post","link":"https:\/\/archive.sana.sy\/tr\/?p=292071","title":{"rendered":"Cumhurba\u015fkan\u0131 Esad, 16 Kas\u0131m 2023&#8217;ten \u00d6nce \u0130\u015flenen Su\u00e7lar \u0130\u00e7in Genel Af Sa\u011flayan Bir Kararname Yay\u0131nlad\u0131"},"content":{"rendered":"<p style=\"text-align: justify;\"><strong>\u015eAM 16 KASIM (SANA) &#8211;<\/strong> Cumhurba\u015fkan\u0131 Be\u015f\u015far Esad, 16 Kas\u0131m 2023&#8217;ten \u00f6nce i\u015flenen su\u00e7lar i\u00e7in genel af \u00f6ng\u00f6ren 2023 tarih ve (36) say\u0131l\u0131 Kanun H\u00fckm\u00fcnde Kararname&#8217;yi yay\u0131nlad\u0131.<\/p>\n<p style=\"text-align: justify;\">Kararnamenin maddelerinde baz\u0131 su\u00e7lar i\u00e7in cezan\u0131n tamam\u0131 i\u00e7in af, baz\u0131 su\u00e7lar i\u00e7in ise cezan\u0131n bir k\u0131sm\u0131 i\u00e7in af yer al\u0131yor.<\/p>\n<p style=\"text-align: justify;\">Kararname ayr\u0131ca baz\u0131 su\u00e7lara ili\u015fkin cezalar\u0131n daha hafif cezalarla de\u011fi\u015ftirilmesini de \u00f6ng\u00f6r\u00fcyor.<\/p>\n<p style=\"text-align: center;\"><strong><a href=\"https:\/\/t.me\/SuriyeArapHaberAjansI\">Telegram Kanal\u0131m\u0131z\u00a0<\/a>||<a href=\"https:\/\/twitter.com\/arap_ajans\">X Platformumuz\u00a0<\/a>||<a href=\"https:\/\/www.facebook.com\/SANAHaberAjansi\/\">Facebook Sayfam\u0131z<\/a><\/strong><\/p>\n","protected":false},"excerpt":{"rendered":"<p>\u015eAM 16 KASIM (SANA) &#8211; Cumhurba\u015fkan\u0131 Be\u015f\u015far Esad, 16 Kas\u0131m 2023&#8217;ten \u00f6nce i\u015flenen su\u00e7lar i\u00e7in genel af \u00f6ng\u00f6ren 2023 tarih ve (36) say\u0131l\u0131 Kanun H\u00fckm\u00fcnde Kararname&#8217;yi yay\u0131nlad\u0131. Kararnamenin maddelerinde baz\u0131 su\u00e7lar i\u00e7in cezan\u0131n tamam\u0131 i\u00e7in af, baz\u0131 su\u00e7lar i\u00e7in ise cezan\u0131n bir k\u0131sm\u0131 i\u00e7in af yer al\u0131yor. Kararname ayr\u0131ca baz\u0131 su\u00e7lara ili\u015fkin cezalar\u0131n daha hafif &hellip;<\/p>\n","protected":false},"author":1,"featured_media":292072,"comment_status":"closed","ping_status":"closed","sticky":false,"template":"","format":"standard","meta":{"footnotes":""},"categories":[605,17988,599],"tags":[],"class_list":["post-292071","post","type-post","status-publish","format-standard","has-post-thumbnail","","category-sayin-cumhurbaskani","category-son-haberler","category-yasama-ve-kanunlar"],"_links":{"self":[{"href":"https:\/\/archive.sana.sy\/tr\/index.php?rest_route=\/wp\/v2\/posts\/292071","targetHints":{"allow":["GET"]}}],"collection":[{"href":"https:\/\/archive.sana.sy\/tr\/index.php?rest_route=\/wp\/v2\/posts"}],"about":[{"href":"https:\/\/archive.sana.sy\/tr\/index.php?rest_route=\/wp\/v2\/types\/post"}],"author":[{"embeddable":true,"href":"https:\/\/archive.sana.sy\/tr\/index.php?rest_route=\/wp\/v2\/users\/1"}],"replies":[{"embeddable":true,"href":"https:\/\/archive.sana.sy\/tr\/index.php?rest_route=%2Fwp%2Fv2%2Fcomments&post=292071"}],"version-history":[{"count":3,"href":"https:\/\/archive.sana.sy\/tr\/index.php?rest_route=\/wp\/v2\/posts\/292071\/revisions"}],"predecessor-version":[{"id":292229,"href":"https:\/\/archive.sana.sy\/tr\/index.php?rest_route=\/wp\/v2\/posts\/292071\/revisions\/292229"}],"wp:featuredmedia":[{"embeddable":true,"href":"https:\/\/archive.sana.sy\/tr\/index.php?rest_route=\/wp\/v2\/media\/292072"}],"wp:attachment":[{"href":"https:\/\/archive.sana.sy\/tr\/index.php?rest_route=%2Fwp%2Fv2%2Fmedia&parent=292071"}],"wp:term":[{"taxonomy":"category","embeddable":true,"href":"https:\/\/archive.sana.sy\/tr\/index.php?rest_route=%2Fwp%2Fv2%2Fcategories&post=292071"},{"taxonomy":"post_tag","embeddable":true,"href":"https:\/\/archive.sana.sy\/tr\/index.php?rest_route=%2Fwp%2Fv2%2Ftags&post=292071"}],"curies":[{"name":"wp","href":"https:\/\/api.w.org\/{rel}","templated":true}]}}