{"id":292078,"date":"2023-11-17T09:10:34","date_gmt":"2023-11-17T06:10:34","guid":{"rendered":"https:\/\/sana.sy\/tr\/?p=292078"},"modified":"2023-11-18T09:25:49","modified_gmt":"2023-11-18T06:25:49","slug":"hava-savunmamiz-israil-saldirisina-karsi-koydu-7","status":"publish","type":"post","link":"https:\/\/archive.sana.sy\/tr\/?p=292078","title":{"rendered":"Hava Savunmam\u0131z \u0130srail Sald\u0131rganl\u0131\u011f\u0131na Kar\u015f\u0131 Koydu"},"content":{"rendered":"<p style=\"text-align: justify;\"><strong>\u015eAM 17 KASIM (SANA) \u2013<\/strong>\u00a0 Hava savunmam\u0131z, \u015eam \u00e7evresindeki baz\u0131 noktalar\u0131 hedef alan \u0130srail f\u00fcze sald\u0131rganl\u0131\u011f\u0131na kar\u015f\u0131 koydu.<\/p>\n<p style=\"text-align: justify;\">Askeri bir kaynak SANA&#8217;ya yapt\u0131\u011f\u0131 a\u00e7\u0131klamada,\u00a0 &#8220;Bug\u00fcn saat 02.25 s\u0131ralar\u0131nda d\u00fc\u015fman \u0130srail, i\u015fgal alt\u0131ndaki Suriye Golan y\u00f6n\u00fcnden \u015eam civar\u0131ndaki baz\u0131 noktalar\u0131 hedef alan bir hava sald\u0131rganl\u0131\u011f\u0131 d\u00fczenledi&#8221; dedi.<\/p>\n<p style=\"text-align: justify;\">Kaynak ayr\u0131ca, Hava Savunma Sistemlerimizin bu sald\u0131rganl\u0131\u011fa kar\u015f\u0131 koyup f\u00fczelerinin \u00e7o\u011funu d\u00fc\u015f\u00fcrd\u00fc\u011f\u00fcn\u00fc belirtti.<\/p>\n<p style=\"text-align: center;\"><strong><a href=\"https:\/\/t.me\/SuriyeArapHaberAjansI\">Telegram Kanal\u0131m\u0131z\u00a0<\/a>||<a href=\"https:\/\/twitter.com\/arap_ajans\">X Platformumuz\u00a0<\/a>||<a href=\"https:\/\/www.facebook.com\/SANAHaberAjansi\/\">Facebook Sayfam\u0131z<\/a><\/strong><\/p>\n<p style=\"text-align: justify;\">\n","protected":false},"excerpt":{"rendered":"<p>\u015eAM 17 KASIM (SANA) \u2013\u00a0 Hava savunmam\u0131z, \u015eam \u00e7evresindeki baz\u0131 noktalar\u0131 hedef alan \u0130srail f\u00fcze sald\u0131rganl\u0131\u011f\u0131na kar\u015f\u0131 koydu. Askeri bir kaynak SANA&#8217;ya yapt\u0131\u011f\u0131 a\u00e7\u0131klamada,\u00a0 &#8220;Bug\u00fcn saat 02.25 s\u0131ralar\u0131nda d\u00fc\u015fman \u0130srail, i\u015fgal alt\u0131ndaki Suriye Golan y\u00f6n\u00fcnden \u015eam civar\u0131ndaki baz\u0131 noktalar\u0131 hedef alan bir hava sald\u0131rganl\u0131\u011f\u0131 d\u00fczenledi&#8221; dedi. Kaynak ayr\u0131ca, Hava Savunma Sistemlerimizin bu sald\u0131rganl\u0131\u011fa kar\u015f\u0131 koyup &hellip;<\/p>\n","protected":false},"author":36,"featured_media":292079,"comment_status":"closed","ping_status":"closed","sticky":false,"template":"","format":"standard","meta":{"footnotes":""},"categories":[479,17988,478],"tags":[],"class_list":["post-292078","post","type-post","status-publish","format-standard","has-post-thumbnail","","category-haberler-yerel","category-son-haberler","category-yerel"],"_links":{"self":[{"href":"https:\/\/archive.sana.sy\/tr\/index.php?rest_route=\/wp\/v2\/posts\/292078","targetHints":{"allow":["GET"]}}],"collection":[{"href":"https:\/\/archive.sana.sy\/tr\/index.php?rest_route=\/wp\/v2\/posts"}],"about":[{"href":"https:\/\/archive.sana.sy\/tr\/index.php?rest_route=\/wp\/v2\/types\/post"}],"author":[{"embeddable":true,"href":"https:\/\/archive.sana.sy\/tr\/index.php?rest_route=\/wp\/v2\/users\/36"}],"replies":[{"embeddable":true,"href":"https:\/\/archive.sana.sy\/tr\/index.php?rest_route=%2Fwp%2Fv2%2Fcomments&post=292078"}],"version-history":[{"count":3,"href":"https:\/\/archive.sana.sy\/tr\/index.php?rest_route=\/wp\/v2\/posts\/292078\/revisions"}],"predecessor-version":[{"id":292086,"href":"https:\/\/archive.sana.sy\/tr\/index.php?rest_route=\/wp\/v2\/posts\/292078\/revisions\/292086"}],"wp:featuredmedia":[{"embeddable":true,"href":"https:\/\/archive.sana.sy\/tr\/index.php?rest_route=\/wp\/v2\/media\/292079"}],"wp:attachment":[{"href":"https:\/\/archive.sana.sy\/tr\/index.php?rest_route=%2Fwp%2Fv2%2Fmedia&parent=292078"}],"wp:term":[{"taxonomy":"category","embeddable":true,"href":"https:\/\/archive.sana.sy\/tr\/index.php?rest_route=%2Fwp%2Fv2%2Fcategories&post=292078"},{"taxonomy":"post_tag","embeddable":true,"href":"https:\/\/archive.sana.sy\/tr\/index.php?rest_route=%2Fwp%2Fv2%2Ftags&post=292078"}],"curies":[{"name":"wp","href":"https:\/\/api.w.org\/{rel}","templated":true}]}}