{"id":292081,"date":"2023-11-17T10:49:43","date_gmt":"2023-11-17T07:49:43","guid":{"rendered":"https:\/\/sana.sy\/tr\/?p=292081"},"modified":"2023-11-18T09:29:30","modified_gmt":"2023-11-18T06:29:30","slug":"42inci-gununde-aksa-tufani-operasyonun-one-cikan-gelismeleri","status":"publish","type":"post","link":"https:\/\/archive.sana.sy\/tr\/?p=292081","title":{"rendered":"42\u2019inci G\u00fcn\u00fcnde\u2026 \u201cAksa Tufan\u0131\u201d Operasyonun \u00d6ne \u00c7\u0131kan Geli\u015fmeleri"},"content":{"rendered":"<p style=\"text-align: justify;\"><strong>\u0130\u015eGAL ED\u0130LEN KUD\u00dcS 17 KASIM 2023 (SANA)<\/strong> \u2013 Filistin direni\u015finin \u0130srail i\u015fgalinin sald\u0131r\u0131lar\u0131na tepki olarak 42&#8217;inci g\u00fcn\u00fcnde ba\u015flatt\u0131\u011f\u0131\u00a0 Aksa Tufan\u0131&#8217;nda \u00f6ne \u00e7\u0131kan geli\u015fmeler:<\/p>\n<ul style=\"text-align: justify;\">\n<li>&#8211; Filistin medyas\u0131: \u0130srail&#8217;in Gazze \u015eeridi&#8217;nin kuzeyindeki Cebeliye&#8217;deki El Nuzha Caddesi&#8217;ne i\u015fgalci top\u00e7u bombard\u0131man\u0131 sonucu 3 \u015fehit.<\/li>\n<li>Filistin medyas\u0131: \u0130srail i\u015fgal u\u00e7a\u011f\u0131n\u0131n Gazze \u015eehri&#8217;nin g\u00fcneyindeki El Zaytun mahallesinde yerlerinden edilmi\u015f insanlar\u0131n ya\u015fad\u0131\u011f\u0131 bir okulu bombalamas\u0131 sonucu \u015fehitler ve yaral\u0131lar.<\/li>\n<li>Filistin direni\u015fi, Gazze \u015eeridi&#8217;nde devam eden \u0130srail i\u015fgal katliamlar\u0131na tepki olarak \u201cNirim\u201d yerle\u015fimini \u00e7ok say\u0131da havan topuyla hedef ald\u0131.<\/li>\n<li>\u00a0Filistin medyas\u0131: \u0130srail d\u00fc\u015fman u\u00e7aklar\u0131n\u0131n Gazze \u015eeridi&#8217;nin merkezindeki Nuseyrat&#8217;\u0131n bat\u0131s\u0131ndaki bir evi bombalamas\u0131 sonucu en az 9 \u015fehit.<\/li>\n<li>Filistin medyas\u0131: \u0130srail i\u015fgal u\u00e7aklar\u0131n\u0131n Gazze \u015eeridi&#8217;nin g\u00fcneyindeki Han Yunus&#8217;ta bir evi bombalamas\u0131 sonucu 3 \u015fehit ve \u00e7ok say\u0131da yaral\u0131.<\/li>\n<li>Filistin direni\u015fi, Gazze, El Sabra ve Tel El Hava&#8217;n\u0131n bat\u0131s\u0131ndaki ileri eksenlerinde \u0130srail d\u00fc\u015fman\u0131na ait 3 askeri arac\u0131 \u201ctandom\u201d toplar\u0131yla hedef ald\u0131.<\/li>\n<li>Filistin direni\u015fi: Sava\u015f\u00e7\u0131lar\u0131m\u0131z, Gazze \u015fehrinin do\u011fusundaki El Zaytun mahallesinde \u0130srail&#8217;e ait bir d\u00fc\u015fman Quadcopter insans\u0131z hava arac\u0131na ate\u015f a\u00e7t\u0131ktan sonra d\u00fc\u015f\u00fcrd\u00fc.<\/li>\n<li>Filistin Direni\u015fi: Cenin&#8217;deki sava\u015f\u00e7\u0131lar\u0131m\u0131z do\u011frudan ve \u015fiddetli \u00e7at\u0131\u015fmalara girdi ve \u0130srailli d\u00fc\u015fman saflar\u0131nda do\u011frulanm\u0131\u015f kay\u0131plar verdi.<\/li>\n<li>Filistin direni\u015fi: Sava\u015f\u00e7\u0131lar\u0131m\u0131z, Cenin kamp\u0131ndaki \u0130srail i\u015fgal g\u00fc\u00e7lerine ve ara\u00e7lar\u0131na kar\u015f\u0131 saatlerce s\u00fcren bir kar\u015f\u0131l\u0131k ve \u00e7at\u0131\u015fma operasyonuna giri\u015fti.<\/li>\n<li>Filistin medyas\u0131: \u0130srail&#8217;in Gazze \u015eeridi&#8217;nin merkezindeki Nuseyrat kamp\u0131ndaki bir evi hedef alan bombalamas\u0131nda \u015fehit say\u0131s\u0131 \u00e7o\u011fu \u00e7ocuk 18 \u015fehidine y\u00fckseldi.<br \/>\nVe kad\u0131nlar.<\/li>\n<li>Filistin medyas\u0131: \u0130\u015fgal g\u00fc\u00e7leri Cenin&#8217;deki \u0130bn Sina Hastanesi&#8217;ne bask\u0131n d\u00fczenledi, sa\u011fl\u0131k personeli ve ambulans ekiplerine sald\u0131rd\u0131 ve \u00e7ok say\u0131da ki\u015fiyi tutuklad\u0131.<\/li>\n<li>\u0130srail d\u00fc\u015fman medyas\u0131, Bat\u0131 \u015eeria&#8217;n\u0131n Cenin kentinde Filistin direni\u015fiyle \u00e7\u0131kan \u00e7at\u0131\u015fmalarda i\u015fgal ordusunun se\u00e7kin g\u00fc\u00e7lerinden bir askerin \u00f6ld\u00fcr\u00fcld\u00fc\u011f\u00fcn\u00fc ve 3 askerin de yaraland\u0131\u011f\u0131n\u0131 duyurdu.<\/li>\n<li>&#8211; Filistin medyas\u0131: \u0130srail&#8217;in Gazze \u015eeridi&#8217;nin g\u00fcneyindeki Refah Kap\u0131s\u0131&#8217;n\u0131n do\u011fusunu hedef alan bombard\u0131man\u0131nda 7 \u015fehit ve \u00e7ok say\u0131da yaral\u0131 var.<\/li>\n<\/ul>\n<p style=\"text-align: justify;\"><strong><a href=\"https:\/\/t.me\/SuriyeArapHaberAjansI\">Telegram Kanal\u0131m\u0131z\u00a0<\/a>||<a href=\"https:\/\/twitter.com\/arap_ajans\">X Platformumuz\u00a0<\/a>||<a href=\"https:\/\/www.facebook.com\/SANAHaberAjansi\/\">Facebook Sayfam\u0131z<\/a><\/strong><\/p>\n","protected":false},"excerpt":{"rendered":"<p>\u0130\u015eGAL ED\u0130LEN KUD\u00dcS 17 KASIM 2023 (SANA) \u2013 Filistin direni\u015finin \u0130srail i\u015fgalinin sald\u0131r\u0131lar\u0131na tepki olarak 42&#8217;inci g\u00fcn\u00fcnde ba\u015flatt\u0131\u011f\u0131\u00a0 Aksa Tufan\u0131&#8217;nda \u00f6ne \u00e7\u0131kan geli\u015fmeler: &#8211; Filistin medyas\u0131: \u0130srail&#8217;in Gazze \u015eeridi&#8217;nin kuzeyindeki Cebeliye&#8217;deki El Nuzha Caddesi&#8217;ne i\u015fgalci top\u00e7u bombard\u0131man\u0131 sonucu 3 \u015fehit. Filistin medyas\u0131: \u0130srail i\u015fgal u\u00e7a\u011f\u0131n\u0131n Gazze \u015eehri&#8217;nin g\u00fcneyindeki El Zaytun mahallesinde yerlerinden edilmi\u015f insanlar\u0131n ya\u015fad\u0131\u011f\u0131 &hellip;<\/p>\n","protected":false},"author":36,"featured_media":292082,"comment_status":"closed","ping_status":"closed","sticky":false,"template":"","format":"standard","meta":{"footnotes":""},"categories":[458,459,17988],"tags":[40404],"class_list":["post-292081","post","type-post","status-publish","format-standard","has-post-thumbnail","","category-dunya1","category-haberler-arap-uluslararasi-politika","category-son-haberler","tag-42inci-gununde-aksa-tufani-operasyonun-one-cikan-gelismeleri"],"_links":{"self":[{"href":"https:\/\/archive.sana.sy\/tr\/index.php?rest_route=\/wp\/v2\/posts\/292081","targetHints":{"allow":["GET"]}}],"collection":[{"href":"https:\/\/archive.sana.sy\/tr\/index.php?rest_route=\/wp\/v2\/posts"}],"about":[{"href":"https:\/\/archive.sana.sy\/tr\/index.php?rest_route=\/wp\/v2\/types\/post"}],"author":[{"embeddable":true,"href":"https:\/\/archive.sana.sy\/tr\/index.php?rest_route=\/wp\/v2\/users\/36"}],"replies":[{"embeddable":true,"href":"https:\/\/archive.sana.sy\/tr\/index.php?rest_route=%2Fwp%2Fv2%2Fcomments&post=292081"}],"version-history":[{"count":7,"href":"https:\/\/archive.sana.sy\/tr\/index.php?rest_route=\/wp\/v2\/posts\/292081\/revisions"}],"predecessor-version":[{"id":292124,"href":"https:\/\/archive.sana.sy\/tr\/index.php?rest_route=\/wp\/v2\/posts\/292081\/revisions\/292124"}],"wp:featuredmedia":[{"embeddable":true,"href":"https:\/\/archive.sana.sy\/tr\/index.php?rest_route=\/wp\/v2\/media\/292082"}],"wp:attachment":[{"href":"https:\/\/archive.sana.sy\/tr\/index.php?rest_route=%2Fwp%2Fv2%2Fmedia&parent=292081"}],"wp:term":[{"taxonomy":"category","embeddable":true,"href":"https:\/\/archive.sana.sy\/tr\/index.php?rest_route=%2Fwp%2Fv2%2Fcategories&post=292081"},{"taxonomy":"post_tag","embeddable":true,"href":"https:\/\/archive.sana.sy\/tr\/index.php?rest_route=%2Fwp%2Fv2%2Ftags&post=292081"}],"curies":[{"name":"wp","href":"https:\/\/api.w.org\/{rel}","templated":true}]}}