{"id":29209,"date":"2015-04-10T19:44:25","date_gmt":"2015-04-10T16:44:25","guid":{"rendered":"http:\/\/www.sana.sy\/tr\/?p=29209"},"modified":"2015-04-10T19:44:25","modified_gmt":"2015-04-10T16:44:25","slug":"yerlesim-alanlarina-gaddar-saldirilari-devam-ediyor","status":"publish","type":"post","link":"https:\/\/archive.sana.sy\/tr\/?p=29209","title":{"rendered":"Yerle\u015fim Alanlar\u0131na Gaddar Sald\u0131r\u0131lar\u0131 Devam Ediyor"},"content":{"rendered":"<p>\u015eAM KIRSALI \u2013 \u2018Il\u0131ml\u0131 muhalifler\u2019 olarak adland\u0131r\u0131lan ter\u00f6r \u00e7eteleri bug\u00fcn \u015eam k\u0131rsal\u0131n\u0131n Herasta Banliy\u00f6s\u00fcn\u00fc 3 havan mermisiyle hedef ald\u0131.<\/p>\n<p>\u015eam Emniyet M\u00fcd\u00fcrl\u00fc\u011f\u00fcnde bir kaynak SANA\u2019ya a\u00e7\u0131klamas\u0131nda ter\u00f6ristlerin f\u0131rlatt\u0131\u011f\u0131 3 havan mermisininin Herasta Banliy\u00f6s\u00fcnde B1 binalar\u0131na d\u00fc\u015ft\u00fc\u011f\u00fcn\u00fc aktard\u0131. Kaynak korkak sald\u0131r\u0131 sonucunda be\u015feri isabetlerin olmad\u0131\u011f\u0131n\u0131; fakat sivillere ait i\u015f yerleri ve ara\u00e7lar\u0131n maddi hasar g\u00f6rd\u00fc\u011f\u00fcn\u00fc aktard\u0131.<\/p>\n<p>M.M. &#8211; A.A.<\/p>\n","protected":false},"excerpt":{"rendered":"<p>\u015eAM KIRSALI \u2013 \u2018Il\u0131ml\u0131 muhalifler\u2019 olarak adland\u0131r\u0131lan ter\u00f6r \u00e7eteleri bug\u00fcn \u015eam k\u0131rsal\u0131n\u0131n Herasta Banliy\u00f6s\u00fcn\u00fc 3 havan mermisiyle hedef ald\u0131. \u015eam Emniyet M\u00fcd\u00fcrl\u00fc\u011f\u00fcnde bir kaynak SANA\u2019ya a\u00e7\u0131klamas\u0131nda ter\u00f6ristlerin f\u0131rlatt\u0131\u011f\u0131 3 havan mermisininin Herasta Banliy\u00f6s\u00fcnde B1 binalar\u0131na d\u00fc\u015ft\u00fc\u011f\u00fcn\u00fc aktard\u0131. Kaynak korkak sald\u0131r\u0131 sonucunda be\u015feri isabetlerin olmad\u0131\u011f\u0131n\u0131; fakat sivillere ait i\u015f yerleri ve ara\u00e7lar\u0131n maddi hasar g\u00f6rd\u00fc\u011f\u00fcn\u00fc aktard\u0131. &hellip;<\/p>\n","protected":false},"author":1,"featured_media":8800,"comment_status":"closed","ping_status":"closed","sticky":false,"template":"","format":"standard","meta":{"footnotes":""},"categories":[575],"tags":[13519,13518],"class_list":["post-29209","post","type-post","status-publish","format-standard","has-post-thumbnail","","category-olaylar-ve-gercekler","tag-sam-kirsali-ilimli-muhalifler-olarak-adlandirilan-teror-ceteleri-bugun-sam-kirsalinin-herasta-banliyosunu-3-havan-mermisiyle-hedef-aldi","tag-yerlesim-alanlarina-gaddar-saldirilari-devam-ediyor"],"_links":{"self":[{"href":"https:\/\/archive.sana.sy\/tr\/index.php?rest_route=\/wp\/v2\/posts\/29209","targetHints":{"allow":["GET"]}}],"collection":[{"href":"https:\/\/archive.sana.sy\/tr\/index.php?rest_route=\/wp\/v2\/posts"}],"about":[{"href":"https:\/\/archive.sana.sy\/tr\/index.php?rest_route=\/wp\/v2\/types\/post"}],"author":[{"embeddable":true,"href":"https:\/\/archive.sana.sy\/tr\/index.php?rest_route=\/wp\/v2\/users\/1"}],"replies":[{"embeddable":true,"href":"https:\/\/archive.sana.sy\/tr\/index.php?rest_route=%2Fwp%2Fv2%2Fcomments&post=29209"}],"version-history":[{"count":0,"href":"https:\/\/archive.sana.sy\/tr\/index.php?rest_route=\/wp\/v2\/posts\/29209\/revisions"}],"wp:featuredmedia":[{"embeddable":true,"href":"https:\/\/archive.sana.sy\/tr\/index.php?rest_route=\/wp\/v2\/media\/8800"}],"wp:attachment":[{"href":"https:\/\/archive.sana.sy\/tr\/index.php?rest_route=%2Fwp%2Fv2%2Fmedia&parent=29209"}],"wp:term":[{"taxonomy":"category","embeddable":true,"href":"https:\/\/archive.sana.sy\/tr\/index.php?rest_route=%2Fwp%2Fv2%2Fcategories&post=29209"},{"taxonomy":"post_tag","embeddable":true,"href":"https:\/\/archive.sana.sy\/tr\/index.php?rest_route=%2Fwp%2Fv2%2Ftags&post=29209"}],"curies":[{"name":"wp","href":"https:\/\/api.w.org\/{rel}","templated":true}]}}