{"id":292098,"date":"2023-11-17T08:21:06","date_gmt":"2023-11-17T05:21:06","guid":{"rendered":"https:\/\/sana.sy\/tr\/?p=292098"},"modified":"2023-11-19T08:25:23","modified_gmt":"2023-11-19T05:25:23","slug":"kgs-zirvesinde-mikdad-bugun-uluslararasi-hukuk-ilkelerini-desteklemek-icin-ulkelerimiz-arasindaki-dayanismayi-guclendirmeye-siddetle-ihtiyacimiz-vardir","status":"publish","type":"post","link":"https:\/\/archive.sana.sy\/tr\/?p=292098","title":{"rendered":"KGS Zirvesi&#8217;nde\u00a0 Mikdad: Bug\u00fcn Uluslararas\u0131 Hukuk \u0130lkelerini Desteklemek \u0130\u00e7in \u00dclkelerimiz Aras\u0131ndaki Dayan\u0131\u015fmay\u0131 G\u00fc\u00e7lendirmeye \u015eiddetle \u0130htiyac\u0131m\u0131z Vard\u0131r"},"content":{"rendered":"<p style=\"text-align: justify;\"><strong>\u00a0<\/strong><\/p>\n<p style=\"text-align: justify;\"><strong>\u015eAM 17 KASIM (SANA)<\/strong> &#8211; D\u0131\u015fi\u015fleri ve Gurbet\u00e7iler Bakan\u0131 Faysal Mikdad,\u00a0bug\u00fcn Hindistan&#8217;da d\u00fcnya \u00e7ap\u0131nda bir\u00e7ok \u00fclkeden \u00fcst d\u00fczey yetkililerin ve d\u0131\u015fi\u015fleri bakanlar\u0131n\u0131n kat\u0131l\u0131m\u0131yla d\u00fczenlenen ikinci K\u00fcresel G\u00fcney Sesi Zirvesi&#8217;ne (video arac\u0131l\u0131\u011f\u0131yla) kat\u0131ld\u0131.<\/p>\n<p style=\"text-align: justify;\"><img loading=\"lazy\" decoding=\"async\" class=\"size-full wp-image-292100 alignright\" src=\"http:\/\/sana.sy\/tr\/wp-content\/uploads\/2023\/11\/photo_2023-11-17_13-52-46-300x138-1.jpg\" alt=\"\" width=\"300\" height=\"138\" \/>Zirveye kat\u0131lanlar, G\u00fcney \u00fclkeleri aras\u0131ndaki i\u015fbirli\u011finin g\u00fc\u00e7lendirilmesi, i\u00e7 ili\u015fkilerin te\u015fvik edilmesi, yat\u0131r\u0131m enjeksiyonunun art\u0131r\u0131lmas\u0131 ve bu \u00fclkeler aras\u0131nda s\u00fcrd\u00fcr\u00fclebilir kalk\u0131nman\u0131n sa\u011flanmas\u0131na yard\u0131mc\u0131 olacak programlar\u0131n haz\u0131rlanmas\u0131na katk\u0131da bulunulmas\u0131 gerekti\u011fi konusundaki tutumlar\u0131n\u0131 vurgulad\u0131.<\/p>\n<p style=\"text-align: justify;\">Bakan Mikdad, Hindistan D\u0131\u015fi\u015fleri Bakan\u0131 G. Shankar&#8217;\u0131n a\u00e7\u0131l\u0131\u015f\u0131n\u0131 yapt\u0131\u011f\u0131 oturumun ba\u015f\u0131nda yapt\u0131\u011f\u0131 konu\u015fmada, \u201cBug\u00fcn d\u00fcnyam\u0131z \u00e7at\u0131\u015fmalarda, ter\u00f6r eylemlerinde, ekonomik krizlerde, nefret s\u00f6yleminde ve \u0131rk\u00e7\u0131l\u0131kta art\u0131\u015fa tan\u0131k oluyor.Ayn\u0131 zamanda, kendisine uluslararas\u0131 bar\u0131\u015f ve g\u00fcvenli\u011fin korunmas\u0131 konusunda temel bir sorumluluk y\u00fcklenen baz\u0131 Bat\u0131l\u0131 \u00fclkelerin, krizler yarat\u0131p alevlendirmek, s\u00fcrelerini uzatmak, \u00e7\u00f6z\u00fcmlerini engellemek gibi \u00e7abalara da tan\u0131k oluyoruz . Bu, bizi birle\u015ftiren Birle\u015fmi\u015f Milletler \u015eart\u0131&#8217;n\u0131n ilke ve ama\u00e7lar\u0131n\u0131n pahas\u0131na oluyor; \u00e7\u00fcnk\u00fc bu \u00fclkeler, \u015eart&#8217;\u0131n ilkelerini &#8220;kurallara dayal\u0131 sistem&#8221; dedikleri sistemle de\u011fi\u015ftirmeye \u00e7al\u0131\u015f\u0131yorlar. Bunlar Bat\u0131l\u0131 \u00fclkelerin kendi \u00e7\u0131karlar\u0131na hizmet etmek i\u00e7in koydu\u011fu kurallard\u0131r ve bu \u00e7\u0131karlarla \u00e7at\u0131\u015f\u0131nca bir\u00e7o\u011fundan vazge\u00e7mi\u015flerdir\u2019\u2019 dedi.<\/p>\n<p style=\"text-align: justify;\">Bakan Mikdad, bug\u00fcn uluslararas\u0131 hukuk ilkelerini, Birle\u015fmi\u015f Milletler \u015eart\u0131 h\u00fck\u00fcmlerini, ortak insani ve medeniyet de\u011ferlerini korumak i\u00e7in \u00fclkelerimiz aras\u0131ndaki dayan\u0131\u015fmay\u0131 g\u00fc\u00e7lendirmeye her zamankinden daha fazla ihtiya\u00e7 duydu\u011fumuzu belirtti.<\/p>\n<p style=\"text-align: justify;\">\u0130nsanl\u0131k d\u0131\u015f\u0131 tek tarafl\u0131 zorlay\u0131c\u0131 tedbirlerin t\u00fcm Suriyelileri g\u00fcnl\u00fck hayatlar\u0131n\u0131n her alan\u0131nda feci sonu\u00e7lar do\u011furdu\u011funu, onlar\u0131 haklar\u0131ndan yararlanmaktan ve temel ihtiya\u00e7lar\u0131n\u0131 kar\u015f\u0131lamaktan mahrum b\u0131rakt\u0131\u011f\u0131na dikkat \u00e7eken Bakan Mikdad, Suriye&#8217;nin ge\u00e7ti\u011fimiz y\u0131llarda ve ge\u00e7ti\u011fimiz \u015eubat ay\u0131nda ya\u015fanan y\u0131k\u0131c\u0131 deprem felaketinin ard\u0131ndan Suriye halk\u0131n\u0131n yan\u0131nda yer alan Hindistan&#8217;a ve \u00fclkelere te\u015fekk\u00fcrlerini yineledi.<\/p>\n<p style=\"text-align: justify;\">Bakan Mikdad ayr\u0131ca, Suriye&#8217;nin s\u00fcrd\u00fcr\u00fclebilir kalk\u0131nma hedeflerine ula\u015fma ve kimsenin geride kalmamas\u0131n\u0131 sa\u011flama y\u00f6n\u00fcnde halklar\u0131n isteklerinin yan\u0131nda oldu\u011funu do\u011frularken, genelde uluslararas\u0131 arenan\u0131n, \u00f6zelde ise b\u00f6lgemizin \u015fahit oldu\u011fu zor ve istisnai ko\u015fullar alt\u0131nda d\u00fczenlenen K\u00fcresel G\u00fcney&#8217;in Sesi&#8217;nin ikinci zirvesini d\u00fczenleme giri\u015fiminden dolay\u0131 dost \u00fclke Hindistan&#8217;a te\u015fekk\u00fcr etti.<\/p>\n<p style=\"text-align: justify;\">Zirve, Hindistan D\u0131\u015fi\u015fleri Bakan\u0131 G. Shankar&#8217;\u0131n kat\u0131l\u0131mc\u0131lar ad\u0131na bu zirvenin \u00f6nemini ve kat\u0131l\u0131mc\u0131lar taraf\u0131ndan dile getirilen, G\u00fcney \u00fclkelerinin g\u00f6r\u00fc\u015f ve endi\u015felerini yans\u0131tan noktalar\u0131 vurgulad\u0131\u011f\u0131 bir a\u00e7\u0131klamayla sona erdi.<\/p>\n<p style=\"text-align: center;\"><strong><a href=\"https:\/\/t.me\/SuriyeArapHaberAjansI\">Telegram Kanal\u0131m\u0131z\u00a0<\/a>||<a href=\"https:\/\/twitter.com\/arap_ajans\">X Platformumuz\u00a0<\/a>||<a href=\"https:\/\/www.facebook.com\/SANAHaberAjansi\/\">Facebook Sayfam\u0131z<\/a><\/strong><\/p>\n","protected":false},"excerpt":{"rendered":"<p>\u00a0 \u015eAM 17 KASIM (SANA) &#8211; D\u0131\u015fi\u015fleri ve Gurbet\u00e7iler Bakan\u0131 Faysal Mikdad,\u00a0bug\u00fcn Hindistan&#8217;da d\u00fcnya \u00e7ap\u0131nda bir\u00e7ok \u00fclkeden \u00fcst d\u00fczey yetkililerin ve d\u0131\u015fi\u015fleri bakanlar\u0131n\u0131n kat\u0131l\u0131m\u0131yla d\u00fczenlenen ikinci K\u00fcresel G\u00fcney Sesi Zirvesi&#8217;ne (video arac\u0131l\u0131\u011f\u0131yla) kat\u0131ld\u0131. Zirveye kat\u0131lanlar, G\u00fcney \u00fclkeleri aras\u0131ndaki i\u015fbirli\u011finin g\u00fc\u00e7lendirilmesi, i\u00e7 ili\u015fkilerin te\u015fvik edilmesi, yat\u0131r\u0131m enjeksiyonunun art\u0131r\u0131lmas\u0131 ve bu \u00fclkeler aras\u0131nda s\u00fcrd\u00fcr\u00fclebilir kalk\u0131nman\u0131n sa\u011flanmas\u0131na yard\u0131mc\u0131 &hellip;<\/p>\n","protected":false},"author":41,"featured_media":292099,"comment_status":"closed","ping_status":"closed","sticky":false,"template":"","format":"standard","meta":{"footnotes":""},"categories":[458,459,17988],"tags":[40397,19043,38641,22182],"class_list":["post-292098","post","type-post","status-publish","format-standard","has-post-thumbnail","","category-dunya1","category-haberler-arap-uluslararasi-politika","category-son-haberler","tag-kgs-zirvesinde-mikdad-bugun-uluslararasi-hukuk-ilkelerini-desteklemek-icin-ulkelerimiz-arasindaki-dayanismayi-guclendirmeye-siddetle-ihtiyacimiz-vardir","tag-suriyede-son-durum","tag-suriyede-son-gelimeler","tag-suriyede-savas"],"_links":{"self":[{"href":"https:\/\/archive.sana.sy\/tr\/index.php?rest_route=\/wp\/v2\/posts\/292098","targetHints":{"allow":["GET"]}}],"collection":[{"href":"https:\/\/archive.sana.sy\/tr\/index.php?rest_route=\/wp\/v2\/posts"}],"about":[{"href":"https:\/\/archive.sana.sy\/tr\/index.php?rest_route=\/wp\/v2\/types\/post"}],"author":[{"embeddable":true,"href":"https:\/\/archive.sana.sy\/tr\/index.php?rest_route=\/wp\/v2\/users\/41"}],"replies":[{"embeddable":true,"href":"https:\/\/archive.sana.sy\/tr\/index.php?rest_route=%2Fwp%2Fv2%2Fcomments&post=292098"}],"version-history":[{"count":3,"href":"https:\/\/archive.sana.sy\/tr\/index.php?rest_route=\/wp\/v2\/posts\/292098\/revisions"}],"predecessor-version":[{"id":292122,"href":"https:\/\/archive.sana.sy\/tr\/index.php?rest_route=\/wp\/v2\/posts\/292098\/revisions\/292122"}],"wp:featuredmedia":[{"embeddable":true,"href":"https:\/\/archive.sana.sy\/tr\/index.php?rest_route=\/wp\/v2\/media\/292099"}],"wp:attachment":[{"href":"https:\/\/archive.sana.sy\/tr\/index.php?rest_route=%2Fwp%2Fv2%2Fmedia&parent=292098"}],"wp:term":[{"taxonomy":"category","embeddable":true,"href":"https:\/\/archive.sana.sy\/tr\/index.php?rest_route=%2Fwp%2Fv2%2Fcategories&post=292098"},{"taxonomy":"post_tag","embeddable":true,"href":"https:\/\/archive.sana.sy\/tr\/index.php?rest_route=%2Fwp%2Fv2%2Ftags&post=292098"}],"curies":[{"name":"wp","href":"https:\/\/api.w.org\/{rel}","templated":true}]}}