{"id":29210,"date":"2015-04-10T18:00:43","date_gmt":"2015-04-10T15:00:43","guid":{"rendered":"http:\/\/www.sana.sy\/tr\/?p=29210"},"modified":"2015-04-11T12:37:40","modified_gmt":"2015-04-11T09:37:40","slug":"teroristler-ve-destekcileri-homstaki-istikrardan-rahatsiz-oldu%e2%80%8f","status":"publish","type":"post","link":"https:\/\/archive.sana.sy\/tr\/?p=29210","title":{"rendered":"Ter\u00f6ristler ve Destek\u00e7ileri Homs&#8217;taki \u0130stikrardan Rahats\u0131z Oldu\u200f"},"content":{"rendered":"<p>HOMS \u2013 \u0130ntihar eylemcisi bir ter\u00f6rist bug\u00fcn Homs Kentinin yerle\u015fim alanlar\u0131ndan Ermen Semtinin ana caddesinde patlay\u0131c\u0131 y\u00fckl\u00fc bir arac\u0131 havaya u\u00e7urdu.<\/p>\n<p>Homs Valilisi Talal el Berazi SANA\u2019ya a\u00e7\u0131klamas\u0131nda ter\u00f6r patlamas\u0131 sonucunda 1 \u00e7ocu\u011fun \u015fehit d\u00fc\u015ft\u00fc\u011f\u00fcn\u00fc 7 vatanda\u015f\u0131n da yaraland\u0131\u011f\u0131n\u0131 ifade etti.<\/p>\n<p>Vali Berazi ter\u00f6r \u00e7eteleri ve arkalar\u0131nda duran d\u0131\u015f g\u00fc\u00e7lerin Homs Kentinin son s\u00fcre\u00e7 i\u00e7inde tan\u0131k oldu\u011fu istikrar ve g\u00fcvenlikten rahats\u0131z olduklar\u0131n\u0131, ulusal uzla\u015fma \u00e7abalar\u0131n\u0131 da baltalamaya \u00e7al\u0131\u015ft\u0131klar\u0131na dikkat \u00e7ekti.<\/p>\n<div id='gallery-1' class='gallery galleryid-29210 gallery-columns-3 gallery-size-thumbnail'><figure class='gallery-item'>\n\t\t\t<div class='gallery-icon landscape'>\n\t\t\t\t<a href='https:\/\/archive.sana.sy\/tr\/wp-content\/uploads\/2015\/04\/Homs-Pombal\u0131-ara\u00e7.jpg'><img loading=\"lazy\" decoding=\"async\" width=\"150\" height=\"77\" src=\"https:\/\/archive.sana.sy\/tr\/wp-content\/uploads\/2015\/04\/Homs-Pombal\u0131-ara\u00e7-150x77.jpg\" class=\"attachment-thumbnail size-thumbnail\" alt=\"\" srcset=\"https:\/\/archive.sana.sy\/tr\/wp-content\/uploads\/2015\/04\/Homs-Pombal\u0131-ara\u00e7-150x77.jpg 150w, https:\/\/archive.sana.sy\/tr\/wp-content\/uploads\/2015\/04\/Homs-Pombal\u0131-ara\u00e7-300x154.jpg 300w, https:\/\/archive.sana.sy\/tr\/wp-content\/uploads\/2015\/04\/Homs-Pombal\u0131-ara\u00e7.jpg 500w\" sizes=\"auto, (max-width: 150px) 100vw, 150px\" \/><\/a>\n\t\t\t<\/div><\/figure><figure class='gallery-item'>\n\t\t\t<div class='gallery-icon landscape'>\n\t\t\t\t<a href='https:\/\/archive.sana.sy\/tr\/wp-content\/uploads\/2015\/04\/Homs-Pombal\u0131-ara\u00e7-4.jpg'><img loading=\"lazy\" decoding=\"async\" width=\"150\" height=\"74\" src=\"https:\/\/archive.sana.sy\/tr\/wp-content\/uploads\/2015\/04\/Homs-Pombal\u0131-ara\u00e7-4-150x74.jpg\" class=\"attachment-thumbnail size-thumbnail\" alt=\"\" srcset=\"https:\/\/archive.sana.sy\/tr\/wp-content\/uploads\/2015\/04\/Homs-Pombal\u0131-ara\u00e7-4-150x74.jpg 150w, https:\/\/archive.sana.sy\/tr\/wp-content\/uploads\/2015\/04\/Homs-Pombal\u0131-ara\u00e7-4-300x149.jpg 300w, https:\/\/archive.sana.sy\/tr\/wp-content\/uploads\/2015\/04\/Homs-Pombal\u0131-ara\u00e7-4.jpg 500w\" sizes=\"auto, (max-width: 150px) 100vw, 150px\" \/><\/a>\n\t\t\t<\/div><\/figure><figure class='gallery-item'>\n\t\t\t<div class='gallery-icon landscape'>\n\t\t\t\t<a href='https:\/\/archive.sana.sy\/tr\/wp-content\/uploads\/2015\/04\/Homs-Pombal\u0131-ara\u00e7-3.jpg'><img loading=\"lazy\" decoding=\"async\" width=\"150\" height=\"74\" src=\"https:\/\/archive.sana.sy\/tr\/wp-content\/uploads\/2015\/04\/Homs-Pombal\u0131-ara\u00e7-3-150x74.jpg\" class=\"attachment-thumbnail size-thumbnail\" alt=\"\" srcset=\"https:\/\/archive.sana.sy\/tr\/wp-content\/uploads\/2015\/04\/Homs-Pombal\u0131-ara\u00e7-3-150x74.jpg 150w, https:\/\/archive.sana.sy\/tr\/wp-content\/uploads\/2015\/04\/Homs-Pombal\u0131-ara\u00e7-3-300x148.jpg 300w, https:\/\/archive.sana.sy\/tr\/wp-content\/uploads\/2015\/04\/Homs-Pombal\u0131-ara\u00e7-3.jpg 500w\" sizes=\"auto, (max-width: 150px) 100vw, 150px\" \/><\/a>\n\t\t\t<\/div><\/figure>\n\t\t<\/div>\n\n<p>M.M. &#8211; A.A.<\/p>\n","protected":false},"excerpt":{"rendered":"<p>HOMS \u2013 \u0130ntihar eylemcisi bir ter\u00f6rist bug\u00fcn Homs Kentinin yerle\u015fim alanlar\u0131ndan Ermen Semtinin ana caddesinde patlay\u0131c\u0131 y\u00fckl\u00fc bir arac\u0131 havaya u\u00e7urdu. Homs Valilisi Talal el Berazi SANA\u2019ya a\u00e7\u0131klamas\u0131nda ter\u00f6r patlamas\u0131 sonucunda 1 \u00e7ocu\u011fun \u015fehit d\u00fc\u015ft\u00fc\u011f\u00fcn\u00fc 7 vatanda\u015f\u0131n da yaraland\u0131\u011f\u0131n\u0131 ifade etti. Vali Berazi ter\u00f6r \u00e7eteleri ve arkalar\u0131nda duran d\u0131\u015f g\u00fc\u00e7lerin Homs Kentinin son s\u00fcre\u00e7 i\u00e7inde &hellip;<\/p>\n","protected":false},"author":1,"featured_media":29211,"comment_status":"closed","ping_status":"closed","sticky":false,"template":"","format":"standard","meta":{"footnotes":""},"categories":[575],"tags":[13520,13521],"class_list":["post-29210","post","type-post","status-publish","format-standard","has-post-thumbnail","","category-olaylar-ve-gercekler","tag-homs-intihar-eylemcisi-bir-terorist-bugun-homs-kentinin-yerlesim-alanlarindan-ermen-semtinin-ana-caddesinde-patlayici-yuklu-bir-araci-havaya-ucurdu","tag-teroristler-ve-destekcileri-homstaki-istikrardan-rahatsiz-oldu"],"_links":{"self":[{"href":"https:\/\/archive.sana.sy\/tr\/index.php?rest_route=\/wp\/v2\/posts\/29210","targetHints":{"allow":["GET"]}}],"collection":[{"href":"https:\/\/archive.sana.sy\/tr\/index.php?rest_route=\/wp\/v2\/posts"}],"about":[{"href":"https:\/\/archive.sana.sy\/tr\/index.php?rest_route=\/wp\/v2\/types\/post"}],"author":[{"embeddable":true,"href":"https:\/\/archive.sana.sy\/tr\/index.php?rest_route=\/wp\/v2\/users\/1"}],"replies":[{"embeddable":true,"href":"https:\/\/archive.sana.sy\/tr\/index.php?rest_route=%2Fwp%2Fv2%2Fcomments&post=29210"}],"version-history":[{"count":0,"href":"https:\/\/archive.sana.sy\/tr\/index.php?rest_route=\/wp\/v2\/posts\/29210\/revisions"}],"wp:featuredmedia":[{"embeddable":true,"href":"https:\/\/archive.sana.sy\/tr\/index.php?rest_route=\/wp\/v2\/media\/29211"}],"wp:attachment":[{"href":"https:\/\/archive.sana.sy\/tr\/index.php?rest_route=%2Fwp%2Fv2%2Fmedia&parent=29210"}],"wp:term":[{"taxonomy":"category","embeddable":true,"href":"https:\/\/archive.sana.sy\/tr\/index.php?rest_route=%2Fwp%2Fv2%2Fcategories&post=29210"},{"taxonomy":"post_tag","embeddable":true,"href":"https:\/\/archive.sana.sy\/tr\/index.php?rest_route=%2Fwp%2Fv2%2Ftags&post=29210"}],"curies":[{"name":"wp","href":"https:\/\/api.w.org\/{rel}","templated":true}]}}