{"id":292106,"date":"2023-11-16T23:31:51","date_gmt":"2023-11-16T20:31:51","guid":{"rendered":"https:\/\/sana.sy\/tr\/?p=292106"},"modified":"2023-11-18T09:25:36","modified_gmt":"2023-11-18T06:25:36","slug":"suriye-milli-futbol-takimi-kore-demokratik-cumhuriyetinin-takmini-maglup-etti","status":"publish","type":"post","link":"https:\/\/archive.sana.sy\/tr\/?p=292106","title":{"rendered":"Suriye Milli Futbol Tak\u0131m\u0131, \u00a0Kore Demokratik Cumhuriyeti&#8217;nin Takm\u0131n\u0131 \u00a0Ma\u011flup etti"},"content":{"rendered":"<p style=\"text-align: justify;\"><strong>R\u0130YAD 16 KASIM (SANA)<\/strong> &#8211; Suriye milli futbol tak\u0131m\u0131, 2026 D\u00fcnya Kupas\u0131 ve 2027 Asya Kupas\u0131 \u00e7ift elemelerindeki m\u00fccadelesine Kore Demokratik Cumhuriyeti&#8217;ni 1-0 yenerek ba\u015flad\u0131. Bu, bug\u00fcn Suudi Arabistan&#8217;\u0131n Cidde kentindeki Prens Abdullah El Faysal Stadyumu&#8217;nda yap\u0131lan ma\u00e7tta geldi.<\/p>\n<p style=\"text-align: justify;\">Tak\u0131m\u0131m\u0131z\u0131n tek gol\u00fc, ilk yar\u0131n\u0131n 38. dakikas\u0131nda penalt\u0131 vuru\u015fundan \u00d6mer El Soma&#8217;dan geldi.<\/p>\n<p style=\"text-align: justify;\">Tak\u0131m\u0131m\u0131z, bu ay\u0131n yirmi birincisinde elemelerin ikinci turunda Japon rakibiyle kar\u015f\u0131la\u015facak.<\/p>\n<p style=\"text-align: justify;\">Tak\u0131m\u0131m\u0131z, ikinci grup elemelerinde Japonya, Kore Demokratik Cumhuriyeti ve Myanmar tak\u0131mlar\u0131yla m\u00fccadele edecek. \u0130kinci tur (grup a\u015famas\u0131) ma\u00e7lar\u0131 iki a\u015famal\u0131 lig usul\u00fcne g\u00f6re oynan\u0131r.<\/p>\n<p style=\"text-align: justify;\">Her gruptan ilk iki tak\u0131m, Kanada, Meksika ve Amerika Birle\u015fik Devletleri&#8217;nde d\u00fczenlenecek olan D\u00fcnya Kupas\u0131 elemelerinin \u00fc\u00e7\u00fcnc\u00fc turuna kat\u0131lmaya hak kazanacak. Ayn\u0131 zamanda bu tak\u0131mlar Suudi Arabistan&#8217;da d\u00fczenlenecek 2027 Asya Kupas\u0131 finallerinde de yerlerini ay\u0131r\u0131yorlar.<\/p>\n<p style=\"text-align: center;\"><strong><a href=\"https:\/\/t.me\/SuriyeArapHaberAjansI\">Telegram Kanal\u0131m\u0131z\u00a0<\/a>||<a href=\"https:\/\/twitter.com\/arap_ajans\">X Platformumuz\u00a0<\/a>||<a href=\"https:\/\/www.facebook.com\/SANAHaberAjansi\/\">Facebook Sayfam\u0131z<\/a><\/strong><\/p>\n","protected":false},"excerpt":{"rendered":"<p>R\u0130YAD 16 KASIM (SANA) &#8211; Suriye milli futbol tak\u0131m\u0131, 2026 D\u00fcnya Kupas\u0131 ve 2027 Asya Kupas\u0131 \u00e7ift elemelerindeki m\u00fccadelesine Kore Demokratik Cumhuriyeti&#8217;ni 1-0 yenerek ba\u015flad\u0131. Bu, bug\u00fcn Suudi Arabistan&#8217;\u0131n Cidde kentindeki Prens Abdullah El Faysal Stadyumu&#8217;nda yap\u0131lan ma\u00e7tta geldi. Tak\u0131m\u0131m\u0131z\u0131n tek gol\u00fc, ilk yar\u0131n\u0131n 38. dakikas\u0131nda penalt\u0131 vuru\u015fundan \u00d6mer El Soma&#8217;dan geldi. Tak\u0131m\u0131m\u0131z, bu ay\u0131n &hellip;<\/p>\n","protected":false},"author":41,"featured_media":292107,"comment_status":"closed","ping_status":"closed","sticky":false,"template":"","format":"standard","meta":{"footnotes":""},"categories":[458,498,459,17988,496],"tags":[40401,40400],"class_list":["post-292106","post","type-post","status-publish","format-standard","has-post-thumbnail","","category-dunya1","category-dunya-turnuvalari","category-haberler-arap-uluslararasi-politika","category-son-haberler","category-spor","tag-kore-demokratik-cumhuriyetinin-takmini-maglup-etti","tag-suriye-milli-futbol-takimi"],"_links":{"self":[{"href":"https:\/\/archive.sana.sy\/tr\/index.php?rest_route=\/wp\/v2\/posts\/292106","targetHints":{"allow":["GET"]}}],"collection":[{"href":"https:\/\/archive.sana.sy\/tr\/index.php?rest_route=\/wp\/v2\/posts"}],"about":[{"href":"https:\/\/archive.sana.sy\/tr\/index.php?rest_route=\/wp\/v2\/types\/post"}],"author":[{"embeddable":true,"href":"https:\/\/archive.sana.sy\/tr\/index.php?rest_route=\/wp\/v2\/users\/41"}],"replies":[{"embeddable":true,"href":"https:\/\/archive.sana.sy\/tr\/index.php?rest_route=%2Fwp%2Fv2%2Fcomments&post=292106"}],"version-history":[{"count":3,"href":"https:\/\/archive.sana.sy\/tr\/index.php?rest_route=\/wp\/v2\/posts\/292106\/revisions"}],"predecessor-version":[{"id":292110,"href":"https:\/\/archive.sana.sy\/tr\/index.php?rest_route=\/wp\/v2\/posts\/292106\/revisions\/292110"}],"wp:featuredmedia":[{"embeddable":true,"href":"https:\/\/archive.sana.sy\/tr\/index.php?rest_route=\/wp\/v2\/media\/292107"}],"wp:attachment":[{"href":"https:\/\/archive.sana.sy\/tr\/index.php?rest_route=%2Fwp%2Fv2%2Fmedia&parent=292106"}],"wp:term":[{"taxonomy":"category","embeddable":true,"href":"https:\/\/archive.sana.sy\/tr\/index.php?rest_route=%2Fwp%2Fv2%2Fcategories&post=292106"},{"taxonomy":"post_tag","embeddable":true,"href":"https:\/\/archive.sana.sy\/tr\/index.php?rest_route=%2Fwp%2Fv2%2Ftags&post=292106"}],"curies":[{"name":"wp","href":"https:\/\/api.w.org\/{rel}","templated":true}]}}