{"id":292168,"date":"2023-11-18T23:13:20","date_gmt":"2023-11-18T20:13:20","guid":{"rendered":"https:\/\/sana.sy\/tr\/?p=292168"},"modified":"2023-11-20T08:24:37","modified_gmt":"2023-11-20T05:24:37","slug":"irak-direnisi-amerikan-isgalinin-suriyedeki-yasadisi-tenf-ussunu-hedef-aldi","status":"publish","type":"post","link":"https:\/\/archive.sana.sy\/tr\/?p=292168","title":{"rendered":"Irak Direni\u015fi, \u0130\u015fgaci ABD&#8217;n\u0131n Suriye&#8217;deki Yasad\u0131\u015f\u0131 Tenf \u00dcss\u00fcn\u00fc Hedef Ald\u0131"},"content":{"rendered":"<p style=\"text-align: justify;\"><strong>BA\u011eDAT 18 KASIM 2023 (SANA) \u2013 <\/strong>Irak direni\u015fi, Irak-Suriye s\u0131n\u0131r\u0131ndaki Tanf b\u00f6lgesinde Amerikan \u0130\u015fgal g\u00fc\u00e7lerini \u0130HA\u2019 ile hedef ald\u0131.<\/p>\n<p style=\"text-align: justify;\">Irak direni\u015fi yapt\u0131\u011f\u0131 a\u00e7\u0131klamada, &#8220;Siyonist d\u00fc\u015fman\u0131n Gazze&#8217;de halk\u0131m\u0131za kar\u015f\u0131 i\u015fledi\u011fi su\u00e7lara yan\u0131t olarak, direni\u015f Tanf b\u00f6lgesindeki yasa d\u0131\u015f\u0131 Amerikan \u0130\u015fgal \u00fcss\u00fcn\u00fc bir insans\u0131z hava arac\u0131yla hedef ald\u0131\u011f\u0131n\u0131 ve hedeflerini do\u011frudan vurdu\u011funu\u201d dedi.<\/p>\n<p style=\"text-align: center;\"><strong><a href=\"https:\/\/t.me\/SuriyeArapHaberAjansI\">Telegram Kanal\u0131m\u0131z\u00a0<\/a>||<a href=\"https:\/\/twitter.com\/arap_ajans\">X Platformumuz\u00a0<\/a>||<a href=\"https:\/\/www.facebook.com\/SANAHaberAjansi\/\">Facebook Sayfam\u0131z<\/a><\/strong><\/p>\n","protected":false},"excerpt":{"rendered":"<p>BA\u011eDAT 18 KASIM 2023 (SANA) \u2013 Irak direni\u015fi, Irak-Suriye s\u0131n\u0131r\u0131ndaki Tanf b\u00f6lgesinde Amerikan \u0130\u015fgal g\u00fc\u00e7lerini \u0130HA\u2019 ile hedef ald\u0131. Irak direni\u015fi yapt\u0131\u011f\u0131 a\u00e7\u0131klamada, &#8220;Siyonist d\u00fc\u015fman\u0131n Gazze&#8217;de halk\u0131m\u0131za kar\u015f\u0131 i\u015fledi\u011fi su\u00e7lara yan\u0131t olarak, direni\u015f Tanf b\u00f6lgesindeki yasa d\u0131\u015f\u0131 Amerikan \u0130\u015fgal \u00fcss\u00fcn\u00fc bir insans\u0131z hava arac\u0131yla hedef ald\u0131\u011f\u0131n\u0131 ve hedeflerini do\u011frudan vurdu\u011funu\u201d dedi. Telegram Kanal\u0131m\u0131z\u00a0||X Platformumuz\u00a0||Facebook Sayfam\u0131z<\/p>\n","protected":false},"author":39,"featured_media":292169,"comment_status":"closed","ping_status":"closed","sticky":false,"template":"","format":"standard","meta":{"footnotes":""},"categories":[458,459,17988],"tags":[],"class_list":["post-292168","post","type-post","status-publish","format-standard","has-post-thumbnail","","category-dunya1","category-haberler-arap-uluslararasi-politika","category-son-haberler"],"_links":{"self":[{"href":"https:\/\/archive.sana.sy\/tr\/index.php?rest_route=\/wp\/v2\/posts\/292168","targetHints":{"allow":["GET"]}}],"collection":[{"href":"https:\/\/archive.sana.sy\/tr\/index.php?rest_route=\/wp\/v2\/posts"}],"about":[{"href":"https:\/\/archive.sana.sy\/tr\/index.php?rest_route=\/wp\/v2\/types\/post"}],"author":[{"embeddable":true,"href":"https:\/\/archive.sana.sy\/tr\/index.php?rest_route=\/wp\/v2\/users\/39"}],"replies":[{"embeddable":true,"href":"https:\/\/archive.sana.sy\/tr\/index.php?rest_route=%2Fwp%2Fv2%2Fcomments&post=292168"}],"version-history":[{"count":3,"href":"https:\/\/archive.sana.sy\/tr\/index.php?rest_route=\/wp\/v2\/posts\/292168\/revisions"}],"predecessor-version":[{"id":292209,"href":"https:\/\/archive.sana.sy\/tr\/index.php?rest_route=\/wp\/v2\/posts\/292168\/revisions\/292209"}],"wp:featuredmedia":[{"embeddable":true,"href":"https:\/\/archive.sana.sy\/tr\/index.php?rest_route=\/wp\/v2\/media\/292169"}],"wp:attachment":[{"href":"https:\/\/archive.sana.sy\/tr\/index.php?rest_route=%2Fwp%2Fv2%2Fmedia&parent=292168"}],"wp:term":[{"taxonomy":"category","embeddable":true,"href":"https:\/\/archive.sana.sy\/tr\/index.php?rest_route=%2Fwp%2Fv2%2Fcategories&post=292168"},{"taxonomy":"post_tag","embeddable":true,"href":"https:\/\/archive.sana.sy\/tr\/index.php?rest_route=%2Fwp%2Fv2%2Ftags&post=292168"}],"curies":[{"name":"wp","href":"https:\/\/api.w.org\/{rel}","templated":true}]}}