{"id":292177,"date":"2023-11-18T23:44:52","date_gmt":"2023-11-18T20:44:52","guid":{"rendered":"https:\/\/sana.sy\/tr\/?p=292177"},"modified":"2023-11-20T08:24:56","modified_gmt":"2023-11-20T05:24:56","slug":"silahli-kuvvetlerimiz-idlib-kirsalindaki-terorist-karargahlarini-depolarini-ve-iha-firlatma-rampalarini-imha-etti-video","status":"publish","type":"post","link":"https:\/\/archive.sana.sy\/tr\/?p=292177","title":{"rendered":"Silahl\u0131 Kuvvetlerimiz \u0130dlib K\u0131rsal\u0131ndaki Ter\u00f6rist Karargahlar\u0131n\u0131, Depolar\u0131n\u0131 ve \u0130HA F\u0131rlatma Rampalar\u0131n\u0131 \u0130mha Etti &#8211; Video"},"content":{"rendered":"<p style=\"text-align: justify;\"><strong>\u015eAM 18 KASIM (SANA)<\/strong> &#8211; Silahl\u0131 kuvvetlerimize ba\u011fl\u0131 birimler \u0130dlib&#8217;in g\u00fcney ve kuzeybat\u0131 k\u0131rsal\u0131ndaki ter\u00f6r karargahlar\u0131n\u0131, depolar\u0131n\u0131 ve insans\u0131z hava arac\u0131 f\u0131rlatma rampalar\u0131n\u0131 imha etti.<\/p>\n<p style=\"text-align: justify;\">Savunma Bakanl\u0131\u011f\u0131 bug\u00fcn Facebook sayfas\u0131nda \u015funlar\u0131 s\u00f6yledi: &#8220;Milli misyonlar\u0131 \u00e7er\u00e7evesinde silahl\u0131 ter\u00f6r \u00f6rg\u00fctlerinin g\u00fcvenli k\u00f6y, belde ve baz\u0131 askeri noktalara y\u00f6nelik devam eden sald\u0131r\u0131lar\u0131na kar\u015f\u0131l\u0131k olarak, Silahl\u0131 kuvvetlerimizin \u0130dlib k\u0131rsal\u0131na do\u011fru hareket eden birlikler, Rus havac\u0131l\u0131k kuvvetleriyle i\u015f birli\u011fi yaparak\u00a0 \u0130dlib&#8217;in g\u00fcney ve kuzeybat\u0131 k\u0131rsal\u0131nda ter\u00f6r karargahlar\u0131n\u0131, tahkimatlar\u0131, m\u00fchimmat depolar\u0131n\u0131, ara\u00e7lar\u0131 ve \u0130HA f\u0131rlatma platformlar\u0131n\u0131 hedef alarak \u00e7ok say\u0131da \u00f6zel operasyon ger\u00e7ekle\u015ftirdi.&#8221;<\/p>\n<p style=\"text-align: justify;\">S\u00f6zde &#8220;T\u00fcrkistan \u0130slam Partisi ve Heyet Tahrir El \u015eam&#8221;a mensup \u00f6len ter\u00f6ristler aras\u0131nda \u015funlard\u0131r: \u00a0Abdulvahid Ebu Rayhan El Suri, Ebu Kaz\u0131m \u015eeyban, Raca \u0130smail, Faysal Ebu Muhannad \u0130smail Ebu \u00d6mer El Ra\u015fvani, Mahmud Ebu Manhal Talmans, Ebu Ebu Said Radvan El Kalavi ve Abdullah Ebu Rigal\u00a0 El T\u00fcrkistani.<\/p>\n<p><iframe loading=\"lazy\" title=\"\u062a\u062f\u0645\u064a\u0631 \u0645\u0642\u0631\u0627\u062a \u0648\u0645\u0633\u062a\u0648\u062f\u0639\u0627\u062a \u0648\u0645\u0646\u0635\u0627\u062a \u0625\u0637\u0644\u0627\u0642 \u0637\u0627\u0626\u0631\u0627\u062a \u0645\u0633\u064a\u0631\u0629 \u0644\u0644\u0625\u0631\u0647\u0627\u0628\u064a\u064a\u0646 \u0628\u0631\u064a\u0641 \u0625\u062f\u0644\u0628\" src=\"https:\/\/www.youtube.com\/embed\/xiQaIuO7iZM?list=UULFOdpeidso85hQh1fvxcVwjw\" width=\"620\" height=\"348\" frameborder=\"0\" allowfullscreen=\"allowfullscreen\"><\/iframe><\/p>\n<p><strong><a href=\"https:\/\/t.me\/SuriyeArapHaberAjansI\">Telegram Kanal\u0131m\u0131z\u00a0<\/a>||<a href=\"https:\/\/twitter.com\/arap_ajans\">X Platformumuz\u00a0<\/a>||<a href=\"https:\/\/www.facebook.com\/SANAHaberAjansi\/\">Facebook Sayfam\u0131z<\/a><\/strong><\/p>\n","protected":false},"excerpt":{"rendered":"<p>\u015eAM 18 KASIM (SANA) &#8211; Silahl\u0131 kuvvetlerimize ba\u011fl\u0131 birimler \u0130dlib&#8217;in g\u00fcney ve kuzeybat\u0131 k\u0131rsal\u0131ndaki ter\u00f6r karargahlar\u0131n\u0131, depolar\u0131n\u0131 ve insans\u0131z hava arac\u0131 f\u0131rlatma rampalar\u0131n\u0131 imha etti. Savunma Bakanl\u0131\u011f\u0131 bug\u00fcn Facebook sayfas\u0131nda \u015funlar\u0131 s\u00f6yledi: &#8220;Milli misyonlar\u0131 \u00e7er\u00e7evesinde silahl\u0131 ter\u00f6r \u00f6rg\u00fctlerinin g\u00fcvenli k\u00f6y, belde ve baz\u0131 askeri noktalara y\u00f6nelik devam eden sald\u0131r\u0131lar\u0131na kar\u015f\u0131l\u0131k olarak, Silahl\u0131 kuvvetlerimizin \u0130dlib k\u0131rsal\u0131na &hellip;<\/p>\n","protected":false},"author":39,"featured_media":292178,"comment_status":"closed","ping_status":"closed","sticky":false,"template":"","format":"standard","meta":{"footnotes":""},"categories":[479,575,17988,478],"tags":[],"class_list":["post-292177","post","type-post","status-publish","format-standard","has-post-thumbnail","","category-haberler-yerel","category-olaylar-ve-gercekler","category-son-haberler","category-yerel"],"_links":{"self":[{"href":"https:\/\/archive.sana.sy\/tr\/index.php?rest_route=\/wp\/v2\/posts\/292177","targetHints":{"allow":["GET"]}}],"collection":[{"href":"https:\/\/archive.sana.sy\/tr\/index.php?rest_route=\/wp\/v2\/posts"}],"about":[{"href":"https:\/\/archive.sana.sy\/tr\/index.php?rest_route=\/wp\/v2\/types\/post"}],"author":[{"embeddable":true,"href":"https:\/\/archive.sana.sy\/tr\/index.php?rest_route=\/wp\/v2\/users\/39"}],"replies":[{"embeddable":true,"href":"https:\/\/archive.sana.sy\/tr\/index.php?rest_route=%2Fwp%2Fv2%2Fcomments&post=292177"}],"version-history":[{"count":1,"href":"https:\/\/archive.sana.sy\/tr\/index.php?rest_route=\/wp\/v2\/posts\/292177\/revisions"}],"predecessor-version":[{"id":292179,"href":"https:\/\/archive.sana.sy\/tr\/index.php?rest_route=\/wp\/v2\/posts\/292177\/revisions\/292179"}],"wp:featuredmedia":[{"embeddable":true,"href":"https:\/\/archive.sana.sy\/tr\/index.php?rest_route=\/wp\/v2\/media\/292178"}],"wp:attachment":[{"href":"https:\/\/archive.sana.sy\/tr\/index.php?rest_route=%2Fwp%2Fv2%2Fmedia&parent=292177"}],"wp:term":[{"taxonomy":"category","embeddable":true,"href":"https:\/\/archive.sana.sy\/tr\/index.php?rest_route=%2Fwp%2Fv2%2Fcategories&post=292177"},{"taxonomy":"post_tag","embeddable":true,"href":"https:\/\/archive.sana.sy\/tr\/index.php?rest_route=%2Fwp%2Fv2%2Ftags&post=292177"}],"curies":[{"name":"wp","href":"https:\/\/api.w.org\/{rel}","templated":true}]}}