{"id":292399,"date":"2023-11-23T22:53:03","date_gmt":"2023-11-23T19:53:03","guid":{"rendered":"https:\/\/sana.sy\/tr\/?p=292399"},"modified":"2023-11-25T09:15:29","modified_gmt":"2023-11-25T06:15:29","slug":"cumhurbaskani-esad-guney-afrikanin-suriye-buyukelcisine-suriye-liyakat-nisani-mukemmel-sinif-odulunu-verdi","status":"publish","type":"post","link":"https:\/\/archive.sana.sy\/tr\/?p=292399","title":{"rendered":"Cumhurba\u015fkan\u0131 Esad, G\u00fcney Afrika&#8217;n\u0131n Suriye B\u00fcy\u00fckel\u00e7isine Suriye Liyakat Ni\u015fan\u0131, M\u00fckemmel S\u0131n\u0131f \u00d6d\u00fcl\u00fcn\u00fc Verdi"},"content":{"rendered":"<p style=\"text-align: justify;\"><strong>\u015eAM 23 KASIM <\/strong><strong>(SANA)<\/strong> &#8211; Cumhurba\u015fkan\u0131 Be\u015f\u015far Esad, G\u00fcney Afrika Cumhuriyeti&#8217;nin Suriye B\u00fcy\u00fckel\u00e7isi Barry Philip Gelder&#8217;e, \u00fclkesinin Suriye b\u00fcy\u00fckel\u00e7isi olarak g\u00f6revinin sona ermesi m\u00fcnasebetiyle, M\u00fckemmel S\u0131n\u0131f Suriye Liyakat Ni\u015fan\u0131&#8217;n\u0131 verdi.<\/p>\n<p style=\"text-align: justify;\"><img loading=\"lazy\" decoding=\"async\" class=\"size-medium wp-image-292400 alignright\" src=\"http:\/\/sana.sy\/tr\/wp-content\/uploads\/2023\/11\/1-13-300x176.jpg\" alt=\"\" width=\"300\" height=\"176\" srcset=\"https:\/\/archive.sana.sy\/tr\/wp-content\/uploads\/2023\/11\/1-13-300x176.jpg 300w, https:\/\/archive.sana.sy\/tr\/wp-content\/uploads\/2023\/11\/1-13-1024x599.jpg 1024w, https:\/\/archive.sana.sy\/tr\/wp-content\/uploads\/2023\/11\/1-13-768x449.jpg 768w, https:\/\/archive.sana.sy\/tr\/wp-content\/uploads\/2023\/11\/1-13-1536x899.jpg 1536w, https:\/\/archive.sana.sy\/tr\/wp-content\/uploads\/2023\/11\/1-13-2048x1198.jpg 2048w\" sizes=\"auto, (max-width: 300px) 100vw, 300px\" \/>D\u0131\u015fi\u015fleri ve Gurbet\u00e7iler Bakan\u0131\u00a0 Faysal Mikdad, D\u0131\u015fi\u015fleri ve Gurbet\u00e7iler Bakanl\u0131\u011f\u0131 taraf\u0131ndan d\u00fczenlenen veda t\u00f6reninde, iki dost \u00fclke aras\u0131ndaki ili\u015fkilerin geli\u015ftirilmesine y\u00f6nelik \u00e7abalar\u0131ndan dolay\u0131 B\u00fcy\u00fckel\u00e7i Gilder&#8217;a Liyakat Ni\u015fan\u0131 ile \u00f6d\u00fcllendirildi.<\/p>\n<p style=\"text-align: justify;\">Bakan Mikdad konu\u015fmas\u0131nda, iki dost \u00fclke ve halk aras\u0131ndaki tarihi ili\u015fkilerin g\u00fcc\u00fcn\u00fc vurgulad\u0131 ve B\u00fcy\u00fckel\u00e7i Gilder&#8217;in iki taraf aras\u0131ndaki ili\u015fkileri g\u00fc\u00e7lendirme \u00e7al\u0131\u015fmalar\u0131 s\u0131ras\u0131nda g\u00f6sterdi\u011fi \u00e7abalar\u0131 takdir etti.<\/p>\n<p style=\"text-align: justify;\">Mikdad ayr\u0131ca, G\u00fcney Afrika&#8217;n\u0131n ter\u00f6rle ve apartheid rejimiyle m\u00fccadeledeki ve ba\u015fta Filistin meselesi ve Filistin halk\u0131n\u0131n devam eden \u0130srail su\u00e7lar\u0131 kar\u015f\u0131s\u0131nda verdi\u011fi m\u00fccadele olmak \u00fczere halklar\u0131n hakl\u0131 davalar\u0131n\u0131 desteklemedeki konumunu \u00f6vd\u00fc.<\/p>\n<p style=\"text-align: justify;\">B\u00fcy\u00fckel\u00e7i Gilder ise, Cumhurba\u015fkan\u0131 Be\u015f\u015far Esad&#8217;a m\u00fckemmel bir s\u0131n\u0131f olan Suriye Liyakat Ni\u015fan\u0131&#8217;n\u0131 vererek ald\u0131\u011f\u0131 bu b\u00fcy\u00fck onurdan dolay\u0131 takdirini dile getirerek, \u00fclkesinin Suriye ile ili\u015fkilerini g\u00fc\u00e7lendirmek ad\u0131na yapt\u0131\u011f\u0131 \u00e7al\u0131\u015fmalardan gurur duydu\u011funu ifade etti.<\/p>\n<p style=\"text-align: center;\"><strong><a href=\"https:\/\/t.me\/SuriyeArapHaberAjansI\">Telegram Kanal\u0131m\u0131z\u00a0<\/a>||<a href=\"https:\/\/twitter.com\/arap_ajans\">X Platformumuz\u00a0<\/a>||<a href=\"https:\/\/www.facebook.com\/SANAHaberAjansi\/\">Facebook Sayfam\u0131z<\/a><\/strong><\/p>\n<div id='gallery-1' class='gallery galleryid-292399 gallery-columns-1 gallery-size-full'><figure class='gallery-item'>\n\t\t\t<div class='gallery-icon landscape'>\n\t\t\t\t<a href='https:\/\/archive.sana.sy\/tr\/wp-content\/uploads\/2023\/11\/2-8.jpg'><img loading=\"lazy\" decoding=\"async\" width=\"2560\" height=\"1712\" src=\"https:\/\/archive.sana.sy\/tr\/wp-content\/uploads\/2023\/11\/2-8.jpg\" class=\"attachment-full size-full\" alt=\"\" srcset=\"https:\/\/archive.sana.sy\/tr\/wp-content\/uploads\/2023\/11\/2-8.jpg 2560w, https:\/\/archive.sana.sy\/tr\/wp-content\/uploads\/2023\/11\/2-8-300x201.jpg 300w, https:\/\/archive.sana.sy\/tr\/wp-content\/uploads\/2023\/11\/2-8-1024x685.jpg 1024w, https:\/\/archive.sana.sy\/tr\/wp-content\/uploads\/2023\/11\/2-8-768x514.jpg 768w, https:\/\/archive.sana.sy\/tr\/wp-content\/uploads\/2023\/11\/2-8-1536x1027.jpg 1536w, https:\/\/archive.sana.sy\/tr\/wp-content\/uploads\/2023\/11\/2-8-2048x1370.jpg 2048w, https:\/\/archive.sana.sy\/tr\/wp-content\/uploads\/2023\/11\/2-8-110x75.jpg 110w\" sizes=\"auto, (max-width: 2560px) 100vw, 2560px\" \/><\/a>\n\t\t\t<\/div><\/figure>\n\t\t<\/div>\n\n","protected":false},"excerpt":{"rendered":"<p>\u015eAM 23 KASIM (SANA) &#8211; Cumhurba\u015fkan\u0131 Be\u015f\u015far Esad, G\u00fcney Afrika Cumhuriyeti&#8217;nin Suriye B\u00fcy\u00fckel\u00e7isi Barry Philip Gelder&#8217;e, \u00fclkesinin Suriye b\u00fcy\u00fckel\u00e7isi olarak g\u00f6revinin sona ermesi m\u00fcnasebetiyle, M\u00fckemmel S\u0131n\u0131f Suriye Liyakat Ni\u015fan\u0131&#8217;n\u0131 verdi. D\u0131\u015fi\u015fleri ve Gurbet\u00e7iler Bakan\u0131\u00a0 Faysal Mikdad, D\u0131\u015fi\u015fleri ve Gurbet\u00e7iler Bakanl\u0131\u011f\u0131 taraf\u0131ndan d\u00fczenlenen veda t\u00f6reninde, iki dost \u00fclke aras\u0131ndaki ili\u015fkilerin geli\u015ftirilmesine y\u00f6nelik \u00e7abalar\u0131ndan dolay\u0131 B\u00fcy\u00fckel\u00e7i Gilder&#8217;a &hellip;<\/p>\n","protected":false},"author":36,"featured_media":292402,"comment_status":"closed","ping_status":"closed","sticky":false,"template":"","format":"standard","meta":{"footnotes":""},"categories":[606,479,605,17988,478],"tags":[],"class_list":["post-292399","post","type-post","status-publish","format-standard","has-post-thumbnail","","category-cumhurbaskani","category-haberler-yerel","category-sayin-cumhurbaskani","category-son-haberler","category-yerel"],"_links":{"self":[{"href":"https:\/\/archive.sana.sy\/tr\/index.php?rest_route=\/wp\/v2\/posts\/292399","targetHints":{"allow":["GET"]}}],"collection":[{"href":"https:\/\/archive.sana.sy\/tr\/index.php?rest_route=\/wp\/v2\/posts"}],"about":[{"href":"https:\/\/archive.sana.sy\/tr\/index.php?rest_route=\/wp\/v2\/types\/post"}],"author":[{"embeddable":true,"href":"https:\/\/archive.sana.sy\/tr\/index.php?rest_route=\/wp\/v2\/users\/36"}],"replies":[{"embeddable":true,"href":"https:\/\/archive.sana.sy\/tr\/index.php?rest_route=%2Fwp%2Fv2%2Fcomments&post=292399"}],"version-history":[{"count":3,"href":"https:\/\/archive.sana.sy\/tr\/index.php?rest_route=\/wp\/v2\/posts\/292399\/revisions"}],"predecessor-version":[{"id":292444,"href":"https:\/\/archive.sana.sy\/tr\/index.php?rest_route=\/wp\/v2\/posts\/292399\/revisions\/292444"}],"wp:featuredmedia":[{"embeddable":true,"href":"https:\/\/archive.sana.sy\/tr\/index.php?rest_route=\/wp\/v2\/media\/292402"}],"wp:attachment":[{"href":"https:\/\/archive.sana.sy\/tr\/index.php?rest_route=%2Fwp%2Fv2%2Fmedia&parent=292399"}],"wp:term":[{"taxonomy":"category","embeddable":true,"href":"https:\/\/archive.sana.sy\/tr\/index.php?rest_route=%2Fwp%2Fv2%2Fcategories&post=292399"},{"taxonomy":"post_tag","embeddable":true,"href":"https:\/\/archive.sana.sy\/tr\/index.php?rest_route=%2Fwp%2Fv2%2Ftags&post=292399"}],"curies":[{"name":"wp","href":"https:\/\/api.w.org\/{rel}","templated":true}]}}