{"id":292616,"date":"2023-11-08T23:46:59","date_gmt":"2023-11-08T20:46:59","guid":{"rendered":"https:\/\/sana.sy\/tr\/?p=292616"},"modified":"2023-11-30T08:10:03","modified_gmt":"2023-11-30T05:10:03","slug":"bm-bir-kez-daha-isgalci-israil-tarafina-isgal-altindaki-suriye-golanindan-tamamen-cekilmesi-cagrisinda-bulundu","status":"publish","type":"post","link":"https:\/\/archive.sana.sy\/tr\/?p=292616","title":{"rendered":"BM Bir Kez Daha \u0130\u015fgalci \u0130srail Taraf\u0131na, \u0130\u015fgal Alt\u0131ndaki Suriye Golan&#8217;\u0131ndan Tamamen \u00c7ekilmesi \u00c7a\u011fr\u0131s\u0131nda Bulundu"},"content":{"rendered":"<p style=\"text-align: justify;\"><strong>NEW YORK 28 KASIM (SANA)<\/strong> &#8211; Bug\u00fcn Birle\u015fmi\u015f Milletler Genel Kurulu, \u00fcye devletlerin \u00e7o\u011funlu\u011funun, ilgili G\u00fcvenlik Konseyi kararlar\u0131n\u0131n uygulanmas\u0131 kapsam\u0131nda \u0130srail i\u015fgal varl\u0131\u011f\u0131n\u0131n i\u015fgal alt\u0131ndaki Suriye Golan&#8217;\u0131ndan 4 Haziran 1967 \u00e7izgisine kadar tamamen \u00e7ekilmesini talep eden bir karar\u0131 kabul etti.<\/p>\n<p style=\"text-align: justify;\">\u201cSuriye Golan\u0131\u201d ba\u015fl\u0131kl\u0131 karar tasla\u011f\u0131na 91 \u00fclke lehte oy verirken, 7 \u00fclke i\u015fgal taraf\u0131n\u0131 reddederken, 62 \u00fclke ise \u00e7ekimser kald\u0131.<\/p>\n<p style=\"text-align: center;\"><strong><a href=\"https:\/\/t.me\/SuriyeArapHaberAjansI\">Telegram Kanal\u0131m\u0131z\u00a0<\/a>||<a href=\"https:\/\/twitter.com\/arap_ajans\">X Platformumuz\u00a0<\/a>||<a href=\"https:\/\/www.facebook.com\/SANAHaberAjansi\/\">Facebook Sayfam\u0131z<\/a><\/strong><\/p>\n","protected":false},"excerpt":{"rendered":"<p>NEW YORK 28 KASIM (SANA) &#8211; Bug\u00fcn Birle\u015fmi\u015f Milletler Genel Kurulu, \u00fcye devletlerin \u00e7o\u011funlu\u011funun, ilgili G\u00fcvenlik Konseyi kararlar\u0131n\u0131n uygulanmas\u0131 kapsam\u0131nda \u0130srail i\u015fgal varl\u0131\u011f\u0131n\u0131n i\u015fgal alt\u0131ndaki Suriye Golan&#8217;\u0131ndan 4 Haziran 1967 \u00e7izgisine kadar tamamen \u00e7ekilmesini talep eden bir karar\u0131 kabul etti. \u201cSuriye Golan\u0131\u201d ba\u015fl\u0131kl\u0131 karar tasla\u011f\u0131na 91 \u00fclke lehte oy verirken, 7 \u00fclke i\u015fgal taraf\u0131n\u0131 reddederken, &hellip;<\/p>\n","protected":false},"author":41,"featured_media":292617,"comment_status":"closed","ping_status":"closed","sticky":false,"template":"","format":"standard","meta":{"footnotes":""},"categories":[458,459,17988],"tags":[40477,40478],"class_list":["post-292616","post","type-post","status-publish","format-standard","has-post-thumbnail","","category-dunya1","category-haberler-arap-uluslararasi-politika","category-son-haberler","tag-bm-bir-kez-daha-isgalci-israil-tarafina","tag-isgal-altindaki-suriye-golanindan-tamamen-cekilmesi-cagrisinda-bulundu"],"_links":{"self":[{"href":"https:\/\/archive.sana.sy\/tr\/index.php?rest_route=\/wp\/v2\/posts\/292616","targetHints":{"allow":["GET"]}}],"collection":[{"href":"https:\/\/archive.sana.sy\/tr\/index.php?rest_route=\/wp\/v2\/posts"}],"about":[{"href":"https:\/\/archive.sana.sy\/tr\/index.php?rest_route=\/wp\/v2\/types\/post"}],"author":[{"embeddable":true,"href":"https:\/\/archive.sana.sy\/tr\/index.php?rest_route=\/wp\/v2\/users\/41"}],"replies":[{"embeddable":true,"href":"https:\/\/archive.sana.sy\/tr\/index.php?rest_route=%2Fwp%2Fv2%2Fcomments&post=292616"}],"version-history":[{"count":1,"href":"https:\/\/archive.sana.sy\/tr\/index.php?rest_route=\/wp\/v2\/posts\/292616\/revisions"}],"predecessor-version":[{"id":292618,"href":"https:\/\/archive.sana.sy\/tr\/index.php?rest_route=\/wp\/v2\/posts\/292616\/revisions\/292618"}],"wp:featuredmedia":[{"embeddable":true,"href":"https:\/\/archive.sana.sy\/tr\/index.php?rest_route=\/wp\/v2\/media\/292617"}],"wp:attachment":[{"href":"https:\/\/archive.sana.sy\/tr\/index.php?rest_route=%2Fwp%2Fv2%2Fmedia&parent=292616"}],"wp:term":[{"taxonomy":"category","embeddable":true,"href":"https:\/\/archive.sana.sy\/tr\/index.php?rest_route=%2Fwp%2Fv2%2Fcategories&post=292616"},{"taxonomy":"post_tag","embeddable":true,"href":"https:\/\/archive.sana.sy\/tr\/index.php?rest_route=%2Fwp%2Fv2%2Ftags&post=292616"}],"curies":[{"name":"wp","href":"https:\/\/api.w.org\/{rel}","templated":true}]}}