{"id":292654,"date":"2023-11-30T14:03:16","date_gmt":"2023-11-30T11:03:16","guid":{"rendered":"https:\/\/sana.sy\/tr\/?p=292654"},"modified":"2023-12-03T14:23:12","modified_gmt":"2023-12-03T11:23:12","slug":"mikdad-bati-gazzeye-yonelik-saldirisinda-isgali-desteklemeye-devam-ederek-ve-bmin-rolunu-engelleyerek-isgalin-ortagidir","status":"publish","type":"post","link":"https:\/\/archive.sana.sy\/tr\/?p=292654","title":{"rendered":"Mikdad: Bat\u0131, Gazze&#8217;ye Y\u00f6nelik Sald\u0131r\u0131s\u0131nda, \u0130\u015fgali Desteklemeye Devam Ederek ve BM&#8217;in Rol\u00fcn\u00fc Engelleyerek \u0130\u015fgalin Orta\u011f\u0131d\u0131r"},"content":{"rendered":"<p style=\"text-align: justify;\"><strong>BEYRUT 30 KASIM <\/strong><strong>(SANA)<\/strong> &#8211; D\u0131\u015fi\u015fleri ve Gurbet\u00e7iler Bakan\u0131 Faysal Mikdad, \u0130srail i\u015fgalinin ku\u015fatma alt\u0131ndaki Gazze \u015eeridi&#8217;ne y\u00f6nelik sald\u0131r\u0131s\u0131nda i\u015fledi\u011fi sava\u015f su\u00e7lar\u0131 ve insanl\u0131\u011fa kar\u015f\u0131 su\u00e7lar\u0131n, ABD ve m\u00fcttefikleri taraf\u0131ndan desteklendi\u011fini ve desteklendi\u011fini do\u011frulayarak, Uluslararas\u0131 \u00f6rg\u00fct\u00fcn Filistin sorununa hak sahiplerine haklar\u0131 geri verecek adil ve kapsaml\u0131 bir \u00e7\u00f6z\u00fcm bulmadaki ba\u015far\u0131s\u0131zl\u0131\u011f\u0131ndan duydu\u011fu \u00fcz\u00fcnt\u00fcy\u00fc dile getirdi.<\/p>\n<p style=\"text-align: justify;\">Mikdad, Filistin Halk\u0131yla Uluslararas\u0131 Dayan\u0131\u015fma G\u00fcn\u00fc m\u00fcnasebetiyle d\u00fcn gece \u00f6zel bir oturum d\u00fczenleyen Filistin Halk\u0131n\u0131n Vazge\u00e7ilmez Haklar\u0131n\u0131n Kullan\u0131m\u0131 Komitesi&#8217;ne yazd\u0131\u011f\u0131 mektupta, &#8221;\u0130srail i\u015fgal varl\u0131\u011f\u0131n\u0131n i\u015fgal alt\u0131ndaki Filistin&#8217;de halk\u0131m\u0131za y\u00f6nelik barbarl\u0131\u011f\u0131n\u0131, sald\u0131rganl\u0131\u011f\u0131n\u0131 ve \u0131rk\u00e7\u0131l\u0131\u011f\u0131n\u0131 bir kez daha kan\u0131tlad\u0131\u011f\u0131n\u0131 vurgulad\u0131.\u00a0 Konutlar\u0131n yan\u0131 s\u0131ra hastane, okul ve ibadethaneleri de hedef almadan b\u0131rakmad\u0131 ve \u00fc\u00e7 n\u00fckleer bomban\u0131n y\u0131k\u0131c\u0131 <img loading=\"lazy\" decoding=\"async\" class=\"size-full wp-image-292671 alignright\" src=\"http:\/\/sana.sy\/tr\/wp-content\/uploads\/2023\/11\/2-64-300x229-1.jpg\" alt=\"\" width=\"300\" height=\"229\" \/>kapasitesine e\u015fde\u011fer 40.000 ton patlay\u0131c\u0131 att\u0131. Bu, \u00e7o\u011fu kad\u0131n ve \u00e7ocuk olmak \u00fczere on binlerce Filistinlinin \u00f6l\u00fcm\u00fcne ve yaralanmas\u0131na, ayr\u0131ca binlerce Bat\u0131 \u015eeria sakinine y\u00f6nelik cinayetlere, tutuklamalara ve insan haklar\u0131 ihlallerine yol a\u00e7t\u0131&#8221; dedi.<\/p>\n<p style=\"text-align: justify;\">Mikdad ayr\u0131ca, i\u015fgalin vah\u015fi uygulamalar\u0131n\u0131n, i\u015fgalin sponsorlar\u0131n\u0131n s\u00f6m\u00fcrge ideolojisine, apartheid mant\u0131\u011f\u0131na ve yerli halk\u0131n yerinden edilmesi ve \u00f6ld\u00fcr\u00fclmesi yoluyla yerle\u015fim yerlerinin s\u00fcrekli geni\u015flemesine dayal\u0131 varl\u0131\u011f\u0131n\u0131n bir sonucu oldu\u011funa dikkat \u00e7ekerek, &#8221;\u0130srail i\u015fgal taraf\u0131 bununla yetinmedi ve sald\u0131rgan eylemlerini L\u00fcbnan ve Suriye topraklar\u0131n\u0131 da kapsayacak \u015fekilde geni\u015fletti. B\u00f6lgedeki durumu t\u0131rmand\u0131rmak ve uluslararas\u0131 bar\u0131\u015f ve g\u00fcvenli\u011fi tehdit etmek amac\u0131yla \u015eam ve Halep havalimanlar\u0131na ve Suriye topraklar\u0131na defalarca d\u00fczenlenen sald\u0131r\u0131lar bunu g\u00f6steriyor&#8221; dedi.<\/p>\n<p style=\"text-align: justify;\">Bakan Mikdad mektupta ayr\u0131ca, \u0130srail&#8217;in Gazze \u015eeridi&#8217;ne y\u00f6nelik barbar sald\u0131r\u0131s\u0131n\u0131 en g\u00fc\u00e7l\u00fc \u015fekilde k\u0131nad\u0131\u011f\u0131n\u0131 ve \u015eart&#8217;\u0131n \u00f6l\u00fcmc\u00fcl, \u00e7arp\u0131k ve yan\u0131lt\u0131c\u0131 yorumlar\u0131n\u0131 sunmaya y\u00f6nelik t\u00fcm giri\u015fimleri k\u0131nad\u0131\u011f\u0131n\u0131 yineledi.<\/p>\n<p style=\"text-align: justify;\">Filistin halk\u0131n\u0131n devredilemez haklar\u0131n\u0131 kullanmas\u0131yla ilgili Komite&#8217;ye \u00fcye devletlerin hissetti\u011fi \u00fcz\u00fcnt\u00fcy\u00fc ve hayal k\u0131r\u0131kl\u0131\u011f\u0131n\u0131 dile getiren Mikdad, \u0644\u0627u ba\u015far\u0131s\u0131zl\u0131\u011f\u0131n \u015eart&#8217;\u0131n taahh\u00fctlerinin, ilkelerinin ve y\u00fcce ama\u00e7lar\u0131n\u0131n tan\u0131t\u0131lmas\u0131 ve uygulanmas\u0131yla ba\u011fda\u015fmad\u0131\u011f\u0131na dikkat \u00e7ekti.<\/p>\n<p style=\"text-align: center;\"><strong><a href=\"https:\/\/t.me\/SuriyeArapHaberAjansI\">Telegram Kanal\u0131m\u0131z\u00a0<\/a>||<a href=\"https:\/\/twitter.com\/arap_ajans\">X Platformumuz\u00a0<\/a>||<a href=\"https:\/\/www.facebook.com\/SANAHaberAjansi\/\">Facebook Sayfam\u0131z<\/a><\/strong><\/p>\n","protected":false},"excerpt":{"rendered":"<p>BEYRUT 30 KASIM (SANA) &#8211; D\u0131\u015fi\u015fleri ve Gurbet\u00e7iler Bakan\u0131 Faysal Mikdad, \u0130srail i\u015fgalinin ku\u015fatma alt\u0131ndaki Gazze \u015eeridi&#8217;ne y\u00f6nelik sald\u0131r\u0131s\u0131nda i\u015fledi\u011fi sava\u015f su\u00e7lar\u0131 ve insanl\u0131\u011fa kar\u015f\u0131 su\u00e7lar\u0131n, ABD ve m\u00fcttefikleri taraf\u0131ndan desteklendi\u011fini ve desteklendi\u011fini do\u011frulayarak, Uluslararas\u0131 \u00f6rg\u00fct\u00fcn Filistin sorununa hak sahiplerine haklar\u0131 geri verecek adil ve kapsaml\u0131 bir \u00e7\u00f6z\u00fcm bulmadaki ba\u015far\u0131s\u0131zl\u0131\u011f\u0131ndan duydu\u011fu \u00fcz\u00fcnt\u00fcy\u00fc dile getirdi. Mikdad, &hellip;<\/p>\n","protected":false},"author":36,"featured_media":292655,"comment_status":"closed","ping_status":"closed","sticky":false,"template":"","format":"standard","meta":{"footnotes":""},"categories":[458,459,17988],"tags":[],"class_list":["post-292654","post","type-post","status-publish","format-standard","has-post-thumbnail","","category-dunya1","category-haberler-arap-uluslararasi-politika","category-son-haberler"],"_links":{"self":[{"href":"https:\/\/archive.sana.sy\/tr\/index.php?rest_route=\/wp\/v2\/posts\/292654","targetHints":{"allow":["GET"]}}],"collection":[{"href":"https:\/\/archive.sana.sy\/tr\/index.php?rest_route=\/wp\/v2\/posts"}],"about":[{"href":"https:\/\/archive.sana.sy\/tr\/index.php?rest_route=\/wp\/v2\/types\/post"}],"author":[{"embeddable":true,"href":"https:\/\/archive.sana.sy\/tr\/index.php?rest_route=\/wp\/v2\/users\/36"}],"replies":[{"embeddable":true,"href":"https:\/\/archive.sana.sy\/tr\/index.php?rest_route=%2Fwp%2Fv2%2Fcomments&post=292654"}],"version-history":[{"count":2,"href":"https:\/\/archive.sana.sy\/tr\/index.php?rest_route=\/wp\/v2\/posts\/292654\/revisions"}],"predecessor-version":[{"id":292672,"href":"https:\/\/archive.sana.sy\/tr\/index.php?rest_route=\/wp\/v2\/posts\/292654\/revisions\/292672"}],"wp:featuredmedia":[{"embeddable":true,"href":"https:\/\/archive.sana.sy\/tr\/index.php?rest_route=\/wp\/v2\/media\/292655"}],"wp:attachment":[{"href":"https:\/\/archive.sana.sy\/tr\/index.php?rest_route=%2Fwp%2Fv2%2Fmedia&parent=292654"}],"wp:term":[{"taxonomy":"category","embeddable":true,"href":"https:\/\/archive.sana.sy\/tr\/index.php?rest_route=%2Fwp%2Fv2%2Fcategories&post=292654"},{"taxonomy":"post_tag","embeddable":true,"href":"https:\/\/archive.sana.sy\/tr\/index.php?rest_route=%2Fwp%2Fv2%2Ftags&post=292654"}],"curies":[{"name":"wp","href":"https:\/\/api.w.org\/{rel}","templated":true}]}}