{"id":292660,"date":"2023-11-30T14:06:46","date_gmt":"2023-11-30T11:06:46","guid":{"rendered":"https:\/\/sana.sy\/tr\/?p=292660"},"modified":"2023-12-01T08:54:32","modified_gmt":"2023-12-01T05:54:32","slug":"iklim-eyleminin-gelecegini-sekillendirmek-icin-cop-28-konferansi-dubaide-basladi","status":"publish","type":"post","link":"https:\/\/archive.sana.sy\/tr\/?p=292660","title":{"rendered":"\u0130klim Eyleminin Gelece\u011fini \u015eekillendirmek \u0130\u00e7in COP-28 Konferans\u0131 Dubai&#8217;de Ba\u015flad\u0131"},"content":{"rendered":"<p style=\"text-align: justify;\"><strong>DUBA\u0130 30 KASIM (SANA)<\/strong> &#8211; Birle\u015fmi\u015f Milletler \u0130klim De\u011fi\u015fikli\u011fi \u00c7er\u00e7eve S\u00f6zle\u015fmesi (COP-28) Taraflar Konferans\u0131&#8217;n\u0131n yirmi sekizinci bask\u0131s\u0131n\u0131n faaliyetleri bug\u00fcn Expo City Dubai&#8217;de ba\u015flad\u0131 ve 12 Aral\u0131k&#8217;a kadar devam edecek.<\/p>\n<p style=\"text-align: justify;\">Emirlik Haber Ajans\u0131, &#8221; BAE&#8217;nin ev sahipli\u011fi yapt\u0131\u011f\u0131 d\u00fcnyan\u0131n en b\u00fcy\u00fck iklim etkinli\u011fi COP-28&#8217;e mavi ve ye\u015fil b\u00f6lgelerden rekor say\u0131da kat\u0131l\u0131m talebi kaydedildi. Kay\u0131t talepleri 97.000&#8217;i Mavi B\u00f6lgede, 400.000&#8217;i Ye\u015fil B\u00f6lgede olmak \u00fczere 500.000 kat\u0131l\u0131mc\u0131ya ula\u015ft\u0131. Bakanlar ve sivil toplum kurulu\u015flar\u0131, \u00f6zel sekt\u00f6r, yerli halklar ve gen\u00e7lik temsilcileri k\u00fcresel iklim eyleminin yeniden \u015fekillendirilmesine katk\u0131da bulunmak \u00fczere kat\u0131l\u0131rken, etkinli\u011fe d\u00fcnyan\u0131n d\u00f6rt bir yan\u0131ndan 180&#8217;den fazla devlet ve h\u00fck\u00fcmet ba\u015fkan\u0131 kat\u0131lacak&#8221; dedi.<\/p>\n<p style=\"text-align: justify;\"><img loading=\"lazy\" decoding=\"async\" class=\"size-medium wp-image-292661 alignright\" src=\"http:\/\/sana.sy\/tr\/wp-content\/uploads\/2023\/11\/9-300x225.jpg\" alt=\"\" width=\"300\" height=\"225\" srcset=\"https:\/\/archive.sana.sy\/tr\/wp-content\/uploads\/2023\/11\/9-300x225.jpg 300w, https:\/\/archive.sana.sy\/tr\/wp-content\/uploads\/2023\/11\/9.jpg 660w\" sizes=\"auto, (max-width: 300px) 100vw, 300px\" \/>COP-28, en y\u00fcksek iklim hedeflerine ula\u015fmak, s\u00fcrd\u00fcr\u00fclebilir ekonomik ve sosyal kalk\u0131nmay\u0131 te\u015fvik etmek ve t\u00fcm \u00fclkeler, sekt\u00f6rler ve toplum gruplar\u0131na i\u015fbirli\u011fi yapma ve \u00e7abalar\u0131 birle\u015ftirme f\u0131rsat\u0131 sa\u011flamak i\u00e7in etkili bir platform olu\u015fturmaktad\u0131r.<\/p>\n<p style=\"text-align: justify;\">Konferans, COP-21 konferans\u0131nda Paris Anla\u015fmas\u0131&#8217;n\u0131n ula\u015f\u0131lan hedeflerinde kaydedilen ilerlemenin ilk k\u00fcresel sonucuna tan\u0131k olurken, COP-28 ba\u015fkanl\u0131\u011f\u0131, iklim kriziyle m\u00fccadelede taahh\u00fctleri ve vaatleri somut ilerlemeye d\u00f6n\u00fc\u015ft\u00fcrmek i\u00e7in pratik bir g\u00fcndem arac\u0131l\u0131\u011f\u0131yla iddial\u0131 m\u00fczakere sonu\u00e7lar\u0131na ula\u015fmaya odaklan\u0131yor.<\/p>\n<p style=\"text-align: justify;\">COP-28 Ba\u015fkanl\u0131k Ekibi, k\u00fcresel \u0131s\u0131nman\u0131n 1,5 santigrat dereceyi a\u015fmas\u0131n\u0131 \u00f6nleme hedefine ula\u015fma olas\u0131l\u0131\u011f\u0131n\u0131 s\u00fcrd\u00fcrme birincil hedefine ula\u015fmak amac\u0131yla k\u00fcresel anlay\u0131\u015flar olu\u015fturmak i\u00e7in \u00e7al\u0131\u015f\u0131yor.<\/p>\n<p style=\"text-align: justify;\">Konferans ayr\u0131ca, iklim eylemine kat\u0131lmak isteyenleri de dahil etme \u00e7er\u00e7evesinde, ilgili konularda uzmanla\u015fm\u0131\u015f, iki hafta s\u00fcren ve ilgili herkesin olumlu katk\u0131larda bulunmas\u0131na olanak sa\u011flayan yenilik\u00e7i bir programa sahne oluyor.<\/p>\n<p style=\"text-align: center;\"><strong><a href=\"https:\/\/t.me\/SuriyeArapHaberAjansI\">Telegram Kanal\u0131m\u0131z\u00a0<\/a>||<a href=\"https:\/\/twitter.com\/arap_ajans\">X Platformumuz\u00a0<\/a>||<a href=\"https:\/\/www.facebook.com\/SANAHaberAjansi\/\">Facebook Sayfam\u0131z<\/a><\/strong><\/p>\n","protected":false},"excerpt":{"rendered":"<p>DUBA\u0130 30 KASIM (SANA) &#8211; Birle\u015fmi\u015f Milletler \u0130klim De\u011fi\u015fikli\u011fi \u00c7er\u00e7eve S\u00f6zle\u015fmesi (COP-28) Taraflar Konferans\u0131&#8217;n\u0131n yirmi sekizinci bask\u0131s\u0131n\u0131n faaliyetleri bug\u00fcn Expo City Dubai&#8217;de ba\u015flad\u0131 ve 12 Aral\u0131k&#8217;a kadar devam edecek. Emirlik Haber Ajans\u0131, &#8221; BAE&#8217;nin ev sahipli\u011fi yapt\u0131\u011f\u0131 d\u00fcnyan\u0131n en b\u00fcy\u00fck iklim etkinli\u011fi COP-28&#8217;e mavi ve ye\u015fil b\u00f6lgelerden rekor say\u0131da kat\u0131l\u0131m talebi kaydedildi. Kay\u0131t talepleri 97.000&#8217;i &hellip;<\/p>\n","protected":false},"author":39,"featured_media":292662,"comment_status":"closed","ping_status":"closed","sticky":false,"template":"","format":"standard","meta":{"footnotes":""},"categories":[458,459,17988],"tags":[],"class_list":["post-292660","post","type-post","status-publish","format-standard","has-post-thumbnail","","category-dunya1","category-haberler-arap-uluslararasi-politika","category-son-haberler"],"_links":{"self":[{"href":"https:\/\/archive.sana.sy\/tr\/index.php?rest_route=\/wp\/v2\/posts\/292660","targetHints":{"allow":["GET"]}}],"collection":[{"href":"https:\/\/archive.sana.sy\/tr\/index.php?rest_route=\/wp\/v2\/posts"}],"about":[{"href":"https:\/\/archive.sana.sy\/tr\/index.php?rest_route=\/wp\/v2\/types\/post"}],"author":[{"embeddable":true,"href":"https:\/\/archive.sana.sy\/tr\/index.php?rest_route=\/wp\/v2\/users\/39"}],"replies":[{"embeddable":true,"href":"https:\/\/archive.sana.sy\/tr\/index.php?rest_route=%2Fwp%2Fv2%2Fcomments&post=292660"}],"version-history":[{"count":2,"href":"https:\/\/archive.sana.sy\/tr\/index.php?rest_route=\/wp\/v2\/posts\/292660\/revisions"}],"predecessor-version":[{"id":292670,"href":"https:\/\/archive.sana.sy\/tr\/index.php?rest_route=\/wp\/v2\/posts\/292660\/revisions\/292670"}],"wp:featuredmedia":[{"embeddable":true,"href":"https:\/\/archive.sana.sy\/tr\/index.php?rest_route=\/wp\/v2\/media\/292662"}],"wp:attachment":[{"href":"https:\/\/archive.sana.sy\/tr\/index.php?rest_route=%2Fwp%2Fv2%2Fmedia&parent=292660"}],"wp:term":[{"taxonomy":"category","embeddable":true,"href":"https:\/\/archive.sana.sy\/tr\/index.php?rest_route=%2Fwp%2Fv2%2Fcategories&post=292660"},{"taxonomy":"post_tag","embeddable":true,"href":"https:\/\/archive.sana.sy\/tr\/index.php?rest_route=%2Fwp%2Fv2%2Ftags&post=292660"}],"curies":[{"name":"wp","href":"https:\/\/api.w.org\/{rel}","templated":true}]}}