{"id":292664,"date":"2023-11-30T14:31:03","date_gmt":"2023-11-30T11:31:03","guid":{"rendered":"https:\/\/sana.sy\/tr\/?p=292664"},"modified":"2023-12-03T14:23:19","modified_gmt":"2023-12-03T11:23:19","slug":"muhendis-arnus-dunya-iklim-eylemi-zirvesine-katilmak-uzere-birlesik-arap-emirliklerine-gitti","status":"publish","type":"post","link":"https:\/\/archive.sana.sy\/tr\/?p=292664","title":{"rendered":"M\u00fchendis Arnus, D\u00fcnya \u0130klim Eylemi Zirvesi&#8217;ne Kat\u0131lmak \u00dczere Birle\u015fik Arap Emirlikleri&#8217;ne Gitti"},"content":{"rendered":"<p style=\"text-align: justify;\"><strong>DUBA\u0130 30 KASIM (SANA)<\/strong> \u2013 Ba\u015fbakan H\u00fcseyin Arnus, Birle\u015fmi\u015f Milletler \u0130klim \u00c7er\u00e7eve S\u00f6zle\u015fmesi (COP28) Taraflar Konferans\u0131&#8217;n\u0131n yirmi sekizinci oturumu kapsam\u0131nda K\u00fcresel \u0130klim Eylemi Zirvesi&#8217;ne kat\u0131lan Suriye Arap Cumhuriyeti heyetine ba\u015fkanl\u0131k etmek \u00fczere Birle\u015fik Arap Emirlikleri&#8217;ne gitti.<\/p>\n<p style=\"text-align: justify;\">Arnus ve beraberindeki heyet, Dubai Havaliman\u0131&#8217;nda Birle\u015fik Arap Emirlikleri Cumhurba\u015fkan\u0131&#8217;n\u0131n siyasi dan\u0131\u015fman\u0131, Birle\u015fik Arap Emirlikleri&#8217;ndeki Suriye diplomatik misyonunun ba\u015fkan\u0131 ve Dubai Ba\u015fkonsolosu Bakan Enver Karga\u015f taraf\u0131ndan kar\u015f\u0131land\u0131.<\/p>\n<p style=\"text-align: center;\"><strong><a href=\"https:\/\/t.me\/SuriyeArapHaberAjansI\">Telegram Kanal\u0131m\u0131z\u00a0<\/a>||<a href=\"https:\/\/twitter.com\/arap_ajans\">X Platformumuz\u00a0<\/a>||<a href=\"https:\/\/www.facebook.com\/SANAHaberAjansi\/\">Facebook Sayfam\u0131z<\/a><\/strong><\/p>\n<div id='gallery-1' class='gallery galleryid-292664 gallery-columns-1 gallery-size-full'><figure class='gallery-item'>\n\t\t\t<div class='gallery-icon landscape'>\n\t\t\t\t<a href='https:\/\/archive.sana.sy\/tr\/wp-content\/uploads\/2023\/11\/003-1.jpg'><img loading=\"lazy\" decoding=\"async\" width=\"660\" height=\"383\" src=\"https:\/\/archive.sana.sy\/tr\/wp-content\/uploads\/2023\/11\/003-1.jpg\" class=\"attachment-full size-full\" alt=\"\" srcset=\"https:\/\/archive.sana.sy\/tr\/wp-content\/uploads\/2023\/11\/003-1.jpg 660w, https:\/\/archive.sana.sy\/tr\/wp-content\/uploads\/2023\/11\/003-1-300x174.jpg 300w\" sizes=\"auto, (max-width: 660px) 100vw, 660px\" \/><\/a>\n\t\t\t<\/div><\/figure><figure class='gallery-item'>\n\t\t\t<div class='gallery-icon landscape'>\n\t\t\t\t<a href='https:\/\/archive.sana.sy\/tr\/wp-content\/uploads\/2023\/11\/DHS00513.jpg'><img loading=\"lazy\" decoding=\"async\" width=\"660\" height=\"361\" src=\"https:\/\/archive.sana.sy\/tr\/wp-content\/uploads\/2023\/11\/DHS00513.jpg\" class=\"attachment-full size-full\" alt=\"\" srcset=\"https:\/\/archive.sana.sy\/tr\/wp-content\/uploads\/2023\/11\/DHS00513.jpg 660w, https:\/\/archive.sana.sy\/tr\/wp-content\/uploads\/2023\/11\/DHS00513-300x164.jpg 300w\" sizes=\"auto, (max-width: 660px) 100vw, 660px\" \/><\/a>\n\t\t\t<\/div><\/figure>\n\t\t<\/div>\n\n","protected":false},"excerpt":{"rendered":"<p>DUBA\u0130 30 KASIM (SANA) \u2013 Ba\u015fbakan H\u00fcseyin Arnus, Birle\u015fmi\u015f Milletler \u0130klim \u00c7er\u00e7eve S\u00f6zle\u015fmesi (COP28) Taraflar Konferans\u0131&#8217;n\u0131n yirmi sekizinci oturumu kapsam\u0131nda K\u00fcresel \u0130klim Eylemi Zirvesi&#8217;ne kat\u0131lan Suriye Arap Cumhuriyeti heyetine ba\u015fkanl\u0131k etmek \u00fczere Birle\u015fik Arap Emirlikleri&#8217;ne gitti. Arnus ve beraberindeki heyet, Dubai Havaliman\u0131&#8217;nda Birle\u015fik Arap Emirlikleri Cumhurba\u015fkan\u0131&#8217;n\u0131n siyasi dan\u0131\u015fman\u0131, Birle\u015fik Arap Emirlikleri&#8217;ndeki Suriye diplomatik misyonunun ba\u015fkan\u0131 &hellip;<\/p>\n","protected":false},"author":36,"featured_media":292667,"comment_status":"closed","ping_status":"closed","sticky":false,"template":"","format":"standard","meta":{"footnotes":""},"categories":[458,459,17988],"tags":[],"class_list":["post-292664","post","type-post","status-publish","format-standard","has-post-thumbnail","","category-dunya1","category-haberler-arap-uluslararasi-politika","category-son-haberler"],"_links":{"self":[{"href":"https:\/\/archive.sana.sy\/tr\/index.php?rest_route=\/wp\/v2\/posts\/292664","targetHints":{"allow":["GET"]}}],"collection":[{"href":"https:\/\/archive.sana.sy\/tr\/index.php?rest_route=\/wp\/v2\/posts"}],"about":[{"href":"https:\/\/archive.sana.sy\/tr\/index.php?rest_route=\/wp\/v2\/types\/post"}],"author":[{"embeddable":true,"href":"https:\/\/archive.sana.sy\/tr\/index.php?rest_route=\/wp\/v2\/users\/36"}],"replies":[{"embeddable":true,"href":"https:\/\/archive.sana.sy\/tr\/index.php?rest_route=%2Fwp%2Fv2%2Fcomments&post=292664"}],"version-history":[{"count":2,"href":"https:\/\/archive.sana.sy\/tr\/index.php?rest_route=\/wp\/v2\/posts\/292664\/revisions"}],"predecessor-version":[{"id":292669,"href":"https:\/\/archive.sana.sy\/tr\/index.php?rest_route=\/wp\/v2\/posts\/292664\/revisions\/292669"}],"wp:featuredmedia":[{"embeddable":true,"href":"https:\/\/archive.sana.sy\/tr\/index.php?rest_route=\/wp\/v2\/media\/292667"}],"wp:attachment":[{"href":"https:\/\/archive.sana.sy\/tr\/index.php?rest_route=%2Fwp%2Fv2%2Fmedia&parent=292664"}],"wp:term":[{"taxonomy":"category","embeddable":true,"href":"https:\/\/archive.sana.sy\/tr\/index.php?rest_route=%2Fwp%2Fv2%2Fcategories&post=292664"},{"taxonomy":"post_tag","embeddable":true,"href":"https:\/\/archive.sana.sy\/tr\/index.php?rest_route=%2Fwp%2Fv2%2Ftags&post=292664"}],"curies":[{"name":"wp","href":"https:\/\/api.w.org\/{rel}","templated":true}]}}