{"id":292721,"date":"2023-12-02T08:25:53","date_gmt":"2023-12-02T05:25:53","guid":{"rendered":"https:\/\/sana.sy\/tr\/?p=292721"},"modified":"2023-12-03T13:28:16","modified_gmt":"2023-12-03T10:28:16","slug":"hava-savunmamiz-israil-saldirganligina-karsilik-verdi-2","status":"publish","type":"post","link":"https:\/\/archive.sana.sy\/tr\/?p=292721","title":{"rendered":"Hava Savunmam\u0131z \u0130srail Sald\u0131rganl\u0131\u011f\u0131na Kar\u015f\u0131l\u0131k Verdi"},"content":{"rendered":"<p style=\"text-align: justify;\"><strong>\u015eAM 02 ARALIK (SANA)<\/strong> &#8211; Hava savunmam\u0131z, \u0130srail&#8217;in \u015eam kenti \u00e7evresindeki baz\u0131 noktalar\u0131 hedef alan f\u00fcze sald\u0131rganl\u0131\u011f\u0131na kar\u015f\u0131l\u0131k verdi.<\/p>\n<p style=\"text-align: justify;\">Askeri bir kaynak SANA&#8217;ya yapt\u0131\u011f\u0131 a\u00e7\u0131klamada, &#8220;Bug\u00fcn saat 01.35 s\u0131ralar\u0131nda \u0130srail d\u00fc\u015fman\u0131, i\u015fgal alt\u0131ndaki Suriye Golan y\u00f6n\u00fcnden \u015eam kenti yak\u0131nlar\u0131ndaki baz\u0131 noktalar\u0131 hedef alan bir hava sald\u0131rganl\u0131\u011f\u0131 d\u00fczenledi&#8221; diyerek, f\u00fczelerin \u00e7o\u011funu d\u00fc\u015f\u00fcrd\u00fc\u011f\u00fcn\u00fc, sald\u0131r\u0131n\u0131n baz\u0131 maddi kay\u0131plara yol a\u00e7t\u0131\u011f\u0131n\u0131 belirtti.<\/p>\n<p style=\"text-align: center;\"><span style=\"color: #0000ff;\"><strong><a style=\"color: #0000ff;\" href=\"https:\/\/t.me\/SuriyeArapHaberAjansI\">Telegram Kanal\u0131m\u0131z\u00a0<\/a>||<a style=\"color: #0000ff;\" href=\"https:\/\/twitter.com\/arap_ajans\">X Platformumuz\u00a0<\/a>||<a style=\"color: #0000ff;\" href=\"https:\/\/www.facebook.com\/SANAHaberAjansi\/\">Facebook Sayfam\u0131z<\/a><\/strong><\/span><\/p>\n","protected":false},"excerpt":{"rendered":"<p>\u015eAM 02 ARALIK (SANA) &#8211; Hava savunmam\u0131z, \u0130srail&#8217;in \u015eam kenti \u00e7evresindeki baz\u0131 noktalar\u0131 hedef alan f\u00fcze sald\u0131rganl\u0131\u011f\u0131na kar\u015f\u0131l\u0131k verdi. Askeri bir kaynak SANA&#8217;ya yapt\u0131\u011f\u0131 a\u00e7\u0131klamada, &#8220;Bug\u00fcn saat 01.35 s\u0131ralar\u0131nda \u0130srail d\u00fc\u015fman\u0131, i\u015fgal alt\u0131ndaki Suriye Golan y\u00f6n\u00fcnden \u015eam kenti yak\u0131nlar\u0131ndaki baz\u0131 noktalar\u0131 hedef alan bir hava sald\u0131rganl\u0131\u011f\u0131 d\u00fczenledi&#8221; diyerek, f\u00fczelerin \u00e7o\u011funu d\u00fc\u015f\u00fcrd\u00fc\u011f\u00fcn\u00fc, sald\u0131r\u0131n\u0131n baz\u0131 maddi kay\u0131plara &hellip;<\/p>\n","protected":false},"author":36,"featured_media":292722,"comment_status":"closed","ping_status":"closed","sticky":false,"template":"","format":"standard","meta":{"footnotes":""},"categories":[479,575,17988,478],"tags":[],"class_list":["post-292721","post","type-post","status-publish","format-standard","has-post-thumbnail","","category-haberler-yerel","category-olaylar-ve-gercekler","category-son-haberler","category-yerel"],"_links":{"self":[{"href":"https:\/\/archive.sana.sy\/tr\/index.php?rest_route=\/wp\/v2\/posts\/292721","targetHints":{"allow":["GET"]}}],"collection":[{"href":"https:\/\/archive.sana.sy\/tr\/index.php?rest_route=\/wp\/v2\/posts"}],"about":[{"href":"https:\/\/archive.sana.sy\/tr\/index.php?rest_route=\/wp\/v2\/types\/post"}],"author":[{"embeddable":true,"href":"https:\/\/archive.sana.sy\/tr\/index.php?rest_route=\/wp\/v2\/users\/36"}],"replies":[{"embeddable":true,"href":"https:\/\/archive.sana.sy\/tr\/index.php?rest_route=%2Fwp%2Fv2%2Fcomments&post=292721"}],"version-history":[{"count":3,"href":"https:\/\/archive.sana.sy\/tr\/index.php?rest_route=\/wp\/v2\/posts\/292721\/revisions"}],"predecessor-version":[{"id":292741,"href":"https:\/\/archive.sana.sy\/tr\/index.php?rest_route=\/wp\/v2\/posts\/292721\/revisions\/292741"}],"wp:featuredmedia":[{"embeddable":true,"href":"https:\/\/archive.sana.sy\/tr\/index.php?rest_route=\/wp\/v2\/media\/292722"}],"wp:attachment":[{"href":"https:\/\/archive.sana.sy\/tr\/index.php?rest_route=%2Fwp%2Fv2%2Fmedia&parent=292721"}],"wp:term":[{"taxonomy":"category","embeddable":true,"href":"https:\/\/archive.sana.sy\/tr\/index.php?rest_route=%2Fwp%2Fv2%2Fcategories&post=292721"},{"taxonomy":"post_tag","embeddable":true,"href":"https:\/\/archive.sana.sy\/tr\/index.php?rest_route=%2Fwp%2Fv2%2Ftags&post=292721"}],"curies":[{"name":"wp","href":"https:\/\/api.w.org\/{rel}","templated":true}]}}