{"id":292724,"date":"2023-12-02T09:37:10","date_gmt":"2023-12-02T06:37:10","guid":{"rendered":"https:\/\/sana.sy\/tr\/?p=292724"},"modified":"2023-12-03T08:41:26","modified_gmt":"2023-12-03T05:41:26","slug":"israil-isgali-gazze-seridindeki-bombalamalarini-yogunlastirdi","status":"publish","type":"post","link":"https:\/\/archive.sana.sy\/tr\/?p=292724","title":{"rendered":"\u0130srail i\u015fgali Gazze \u015eeridi&#8217;ndeki Bombalamalar\u0131n\u0131 Yo\u011funla\u015ft\u0131rd\u0131"},"content":{"rendered":"<p style=\"text-align: justify;\"><strong>\u0130\u015eGAL ED\u0130LEN KUD\u00dcS 02 ARALIK (SANA) &#8211; <\/strong>\u0130srail i\u015fgali, d\u00fcn geceden bu yana Gazze \u015eeridi&#8217;nin \u00e7e\u015fitli b\u00f6lgelerine kara, deniz ve havadan \u015fiddetli bombard\u0131man\u0131n\u0131 s\u00fcrd\u00fcr\u00fcyor, \u015eeridi&#8217;nin g\u00fcneyindeki Han Yunus&#8217;a da yo\u011fun bombard\u0131man s\u00fcr\u00fcyor.<\/p>\n<p style=\"text-align: justify;\">Filistin medyas\u0131, sabah\u0131n erken saatlerinden bu yana i\u015fgal u\u00e7aklar\u0131n\u0131n, sava\u015f gemileri ve toplarla bombard\u0131man\u0131n yan\u0131 s\u0131ra Han Yunus&#8217;un do\u011fu ve orta b\u00f6lgelerine ate\u015f kemerleriyle bombard\u0131man\u0131n\u0131 yo\u011funla\u015ft\u0131rd\u0131\u011f\u0131n\u0131 belirtirken, bunun da d\u00f6rt ev ve iki caminin tamamen y\u0131k\u0131lmas\u0131na yol a\u00e7t\u0131\u011f\u0131na i\u015faret etti.<\/p>\n<p style=\"text-align: justify;\">\u0130\u015fgal u\u00e7aklar\u0131, sava\u015f gemileri ve top\u00e7ular\u0131, yo\u011fun hafif bombalar e\u015fli\u011finde Gazze \u015eeridi&#8217;nin kuzeyindeki Gazze \u015eehri, Cebeliye ve Beyt Lahia ile g\u00fcneyindeki Deir el-Balah&#8217;\u0131 da bombalad\u0131.<\/p>\n<p style=\"text-align: justify;\">\u0130srail&#8217;in Gazze \u015eeridi&#8217;ne d\u00fcn sabahtan bu yana d\u00fczenledi\u011fi sald\u0131r\u0131larda \u00f6lenlerin say\u0131s\u0131 \u00e7o\u011fu \u00e7ocuk ve kad\u0131n olmak \u00fczere 178 \u015fehit ve 589 yaral\u0131ya y\u00fckseldi.<\/p>\n<p style=\"text-align: center;\"><strong><a href=\"https:\/\/t.me\/SuriyeArapHaberAjansI\">Telegram Kanal\u0131m\u0131z\u00a0<\/a>||<a href=\"https:\/\/twitter.com\/arap_ajans\">X Platformumuz\u00a0<\/a>||<a href=\"https:\/\/www.facebook.com\/SANAHaberAjansi\/\">Facebook Sayfam\u0131z<\/a><\/strong><\/p>\n","protected":false},"excerpt":{"rendered":"<p>\u0130\u015eGAL ED\u0130LEN KUD\u00dcS 02 ARALIK (SANA) &#8211; \u0130srail i\u015fgali, d\u00fcn geceden bu yana Gazze \u015eeridi&#8217;nin \u00e7e\u015fitli b\u00f6lgelerine kara, deniz ve havadan \u015fiddetli bombard\u0131man\u0131n\u0131 s\u00fcrd\u00fcr\u00fcyor, \u015eeridi&#8217;nin g\u00fcneyindeki Han Yunus&#8217;a da yo\u011fun bombard\u0131man s\u00fcr\u00fcyor. Filistin medyas\u0131, sabah\u0131n erken saatlerinden bu yana i\u015fgal u\u00e7aklar\u0131n\u0131n, sava\u015f gemileri ve toplarla bombard\u0131man\u0131n yan\u0131 s\u0131ra Han Yunus&#8217;un do\u011fu ve orta b\u00f6lgelerine ate\u015f &hellip;<\/p>\n","protected":false},"author":36,"featured_media":292725,"comment_status":"closed","ping_status":"closed","sticky":false,"template":"","format":"standard","meta":{"footnotes":""},"categories":[458,459,17988],"tags":[],"class_list":["post-292724","post","type-post","status-publish","format-standard","has-post-thumbnail","","category-dunya1","category-haberler-arap-uluslararasi-politika","category-son-haberler"],"_links":{"self":[{"href":"https:\/\/archive.sana.sy\/tr\/index.php?rest_route=\/wp\/v2\/posts\/292724","targetHints":{"allow":["GET"]}}],"collection":[{"href":"https:\/\/archive.sana.sy\/tr\/index.php?rest_route=\/wp\/v2\/posts"}],"about":[{"href":"https:\/\/archive.sana.sy\/tr\/index.php?rest_route=\/wp\/v2\/types\/post"}],"author":[{"embeddable":true,"href":"https:\/\/archive.sana.sy\/tr\/index.php?rest_route=\/wp\/v2\/users\/36"}],"replies":[{"embeddable":true,"href":"https:\/\/archive.sana.sy\/tr\/index.php?rest_route=%2Fwp%2Fv2%2Fcomments&post=292724"}],"version-history":[{"count":2,"href":"https:\/\/archive.sana.sy\/tr\/index.php?rest_route=\/wp\/v2\/posts\/292724\/revisions"}],"predecessor-version":[{"id":292756,"href":"https:\/\/archive.sana.sy\/tr\/index.php?rest_route=\/wp\/v2\/posts\/292724\/revisions\/292756"}],"wp:featuredmedia":[{"embeddable":true,"href":"https:\/\/archive.sana.sy\/tr\/index.php?rest_route=\/wp\/v2\/media\/292725"}],"wp:attachment":[{"href":"https:\/\/archive.sana.sy\/tr\/index.php?rest_route=%2Fwp%2Fv2%2Fmedia&parent=292724"}],"wp:term":[{"taxonomy":"category","embeddable":true,"href":"https:\/\/archive.sana.sy\/tr\/index.php?rest_route=%2Fwp%2Fv2%2Fcategories&post=292724"},{"taxonomy":"post_tag","embeddable":true,"href":"https:\/\/archive.sana.sy\/tr\/index.php?rest_route=%2Fwp%2Fv2%2Ftags&post=292724"}],"curies":[{"name":"wp","href":"https:\/\/api.w.org\/{rel}","templated":true}]}}