{"id":292727,"date":"2023-12-02T11:39:56","date_gmt":"2023-12-02T08:39:56","guid":{"rendered":"https:\/\/sana.sy\/tr\/?p=292727"},"modified":"2023-12-03T08:41:39","modified_gmt":"2023-12-03T05:41:39","slug":"aksa-tufaninda-one-cikan-gelismeler-2","status":"publish","type":"post","link":"https:\/\/archive.sana.sy\/tr\/?p=292727","title":{"rendered":"\u201cAksa Tufan\u0131\u201d Operasyonun \u00d6ne \u00c7\u0131kan Geli\u015fmeleri"},"content":{"rendered":"<p style=\"text-align: justify;\"><strong>\u0130\u015eGAL ED\u0130LEN KUD\u00dcS 02 ARALIK (SANA) &#8211; <\/strong>Filistin direni\u015finin \u0130srail i\u015fgalinin sald\u0131r\u0131lar\u0131na yan\u0131t olarak ba\u015flatt\u0131\u011f\u0131 Aksa Tufan\u0131 Harekat\u0131\u2019nda \u00f6ne \u00e7\u0131kan geli\u015fmeler:<\/p>\n<ul style=\"text-align: justify;\">\n<li>Filistin direni\u015fi, Kissufim askeri sahas\u0131nda \u0130srail i\u015fgal g\u00fc\u00e7lerini a\u011f\u0131r havan toplar\u0131yla imha etti.<\/li>\n<li>Filistin medyas\u0131: \u0130srail i\u015fgal u\u00e7a\u011f\u0131n\u0131n Gazze \u015eeridi&#8217;nin merkezindeki Deir al-Balah&#8217;\u0131n do\u011fusundaki bir evi bombalamas\u0131 sonucu 3 \u015fehit ve \u00e7ok say\u0131da yaral\u0131.<\/li>\n<li>Filistin Sa\u011fl\u0131k Bakanl\u0131\u011f\u0131: \u0130srail&#8217;in Gazze \u015eeridi&#8217;nde d\u00fcn sabahtan bu yana devam eden sald\u0131r\u0131s\u0131 sonucunda \u015fehit say\u0131s\u0131 200&#8217;e, yaral\u0131 say\u0131s\u0131 ise 589&#8217;a y\u00fckseldi.<\/li>\n<li>Filistin medyas\u0131: Filistin direni\u015fi, Gazze \u015fehrinin bat\u0131s\u0131nda \u015eeyh R\u0131dvan, El Nasr ve Tel El Hava ekseninde \u0130srail i\u015fgal g\u00fc\u00e7leriyle kar\u015f\u0131 kar\u015f\u0131ya geliyor.<\/li>\n<li>\u0130srail i\u015fgali Gazze \u015eeridi&#8217;ndeki Bombalamalar\u0131n\u0131 Yo\u011funla\u015ft\u0131rd\u0131<\/li>\n<li>Filistin medyas\u0131: \u0130srail i\u015fgal botlar\u0131 Gazze \u015eeridi&#8217;nin g\u00fcneyindeki Han Yunus sahilini yo\u011fun bir \u015fekilde bombal\u0131yor.<\/li>\n<li>\u00a0Filistin medyas\u0131: \u0130srail i\u015fgal u\u00e7aklar\u0131 Gazze \u015eeridi&#8217;nin g\u00fcneyindeki Han Yunus&#8217;un do\u011fusundaki bir\u00e7ok b\u00f6lgeyi bombalad\u0131.<\/li>\n<\/ul>\n<p style=\"text-align: center;\"><strong><a href=\"https:\/\/t.me\/SuriyeArapHaberAjansI\">Telegram Kanal\u0131m\u0131z\u00a0<\/a>||<a href=\"https:\/\/twitter.com\/arap_ajans\">X Platformumuz\u00a0<\/a>||<a href=\"https:\/\/www.facebook.com\/SANAHaberAjansi\/\">Facebook Sayfam\u0131z<\/a><\/strong><\/p>\n","protected":false},"excerpt":{"rendered":"<p>\u0130\u015eGAL ED\u0130LEN KUD\u00dcS 02 ARALIK (SANA) &#8211; Filistin direni\u015finin \u0130srail i\u015fgalinin sald\u0131r\u0131lar\u0131na yan\u0131t olarak ba\u015flatt\u0131\u011f\u0131 Aksa Tufan\u0131 Harekat\u0131\u2019nda \u00f6ne \u00e7\u0131kan geli\u015fmeler: Filistin direni\u015fi, Kissufim askeri sahas\u0131nda \u0130srail i\u015fgal g\u00fc\u00e7lerini a\u011f\u0131r havan toplar\u0131yla imha etti. Filistin medyas\u0131: \u0130srail i\u015fgal u\u00e7a\u011f\u0131n\u0131n Gazze \u015eeridi&#8217;nin merkezindeki Deir al-Balah&#8217;\u0131n do\u011fusundaki bir evi bombalamas\u0131 sonucu 3 \u015fehit ve \u00e7ok say\u0131da yaral\u0131. &hellip;<\/p>\n","protected":false},"author":36,"featured_media":292728,"comment_status":"closed","ping_status":"closed","sticky":false,"template":"","format":"standard","meta":{"footnotes":""},"categories":[458,459,17988],"tags":[],"class_list":["post-292727","post","type-post","status-publish","format-standard","has-post-thumbnail","","category-dunya1","category-haberler-arap-uluslararasi-politika","category-son-haberler"],"_links":{"self":[{"href":"https:\/\/archive.sana.sy\/tr\/index.php?rest_route=\/wp\/v2\/posts\/292727","targetHints":{"allow":["GET"]}}],"collection":[{"href":"https:\/\/archive.sana.sy\/tr\/index.php?rest_route=\/wp\/v2\/posts"}],"about":[{"href":"https:\/\/archive.sana.sy\/tr\/index.php?rest_route=\/wp\/v2\/types\/post"}],"author":[{"embeddable":true,"href":"https:\/\/archive.sana.sy\/tr\/index.php?rest_route=\/wp\/v2\/users\/36"}],"replies":[{"embeddable":true,"href":"https:\/\/archive.sana.sy\/tr\/index.php?rest_route=%2Fwp%2Fv2%2Fcomments&post=292727"}],"version-history":[{"count":3,"href":"https:\/\/archive.sana.sy\/tr\/index.php?rest_route=\/wp\/v2\/posts\/292727\/revisions"}],"predecessor-version":[{"id":292755,"href":"https:\/\/archive.sana.sy\/tr\/index.php?rest_route=\/wp\/v2\/posts\/292727\/revisions\/292755"}],"wp:featuredmedia":[{"embeddable":true,"href":"https:\/\/archive.sana.sy\/tr\/index.php?rest_route=\/wp\/v2\/media\/292728"}],"wp:attachment":[{"href":"https:\/\/archive.sana.sy\/tr\/index.php?rest_route=%2Fwp%2Fv2%2Fmedia&parent=292727"}],"wp:term":[{"taxonomy":"category","embeddable":true,"href":"https:\/\/archive.sana.sy\/tr\/index.php?rest_route=%2Fwp%2Fv2%2Fcategories&post=292727"},{"taxonomy":"post_tag","embeddable":true,"href":"https:\/\/archive.sana.sy\/tr\/index.php?rest_route=%2Fwp%2Fv2%2Ftags&post=292727"}],"curies":[{"name":"wp","href":"https:\/\/api.w.org\/{rel}","templated":true}]}}