{"id":292894,"date":"2023-12-04T17:37:56","date_gmt":"2023-12-04T14:37:56","guid":{"rendered":"https:\/\/sana.sy\/tr\/?p=292894"},"modified":"2023-12-06T08:12:18","modified_gmt":"2023-12-06T05:12:18","slug":"bakan-mikdad-filistin-halk-kurtulus-cephesi-genel-sekreter-yardimcisi-cemil-mezher-ile-gorustu","status":"publish","type":"post","link":"https:\/\/archive.sana.sy\/tr\/?p=292894","title":{"rendered":"Mikdad, Filistin Halk Kurtulu\u015f Cephesi Heyetine Suriye&#8217;nin Filistin Halk\u0131n\u0131n Ve M\u00fccadelesinin Kesinlikle Yan\u0131nda Oldu\u011funu Yineledi"},"content":{"rendered":"<p style=\"text-align: justify;\"><strong>\u015eAM 04 ARALIK (SANA) &#8211;<\/strong> D\u0131\u015fi\u015fleri ve Gurbet\u00e7iler Bakan\u0131 Faysal Mikdad, Cephe Genel Sekreter Yard\u0131mc\u0131s\u0131 <img loading=\"lazy\" decoding=\"async\" class=\"size-full wp-image-292919 alignright\" src=\"http:\/\/sana.sy\/tr\/wp-content\/uploads\/2023\/12\/AMR_8707-copy-1-300x176-1.jpg\" alt=\"\" width=\"300\" height=\"176\" \/>Cemil Mezhar ba\u015fkanl\u0131\u011f\u0131ndaki Filistin Halk Kurtulu\u015f Cephesi heyetiyle g\u00f6r\u00fc\u015ft\u00fc.<\/p>\n<p style=\"text-align: justify;\">Bakan Mikdad, Suriye&#8217;nin kesinlikle Filistin halk\u0131n\u0131n yan\u0131nda oldu\u011funu ve ba\u015fkenti Kud\u00fcs olan ba\u011f\u0131ms\u0131z bir devlet kurma y\u00f6n\u00fcndeki me\u015fru m\u00fccadelesini yineleyerek, \u0130srail i\u015fgal g\u00fc\u00e7lerinin Filistin halk\u0131na kar\u015f\u0131 y\u00fcr\u00fctt\u00fc\u011f\u00fc imha sava\u015f\u0131n\u0131n ve i\u015fledi\u011fi insanl\u0131\u011fa kar\u015f\u0131 su\u00e7lar\u0131n, dayat\u0131lan ku\u015fatman\u0131n, hastanelerin ve yerle\u015fim yerlerinin y\u0131k\u0131lmas\u0131n\u0131n, yerinden etme giri\u015fimlerinin durdurulmas\u0131 gerekti\u011fini vurgulad\u0131.<\/p>\n<p style=\"text-align: justify;\">Bakan Mikdad ayr\u0131ca Siyonist olu\u015fumun ve onu destekleyen kolektif Bat\u0131l\u0131 \u00fclkelerin, uluslararas\u0131 hukukun yan\u0131lt\u0131c\u0131 <img loading=\"lazy\" decoding=\"async\" class=\"size-full wp-image-292920 alignright\" src=\"http:\/\/sana.sy\/tr\/wp-content\/uploads\/2023\/12\/AMR_8705-copy-300x182-1.jpg\" alt=\"\" width=\"300\" height=\"182\" \/>ve \u00e7arp\u0131k yorumlar\u0131na dayanarak me\u015fru m\u00fcdafaa hakk\u0131n\u0131 kullanma giri\u015fimlerini de k\u0131nad\u0131 ve \u0131rk\u00e7\u0131 Siyonist olu\u015fumun ve yetkililerinin Filistin&#8217;de halk\u0131m\u0131za kar\u015f\u0131 i\u015fledikleri ve halen i\u015flemeye devam ettikleri su\u00e7lardan sorumlu tutulmas\u0131n\u0131 talep etti.<\/p>\n<p style=\"text-align: justify;\">Buna kar\u015f\u0131l\u0131k Mezher, Filistin Halk Kurtulu\u015f Cephesi&#8217;nin, Filistin davas\u0131na ve Filistin halk\u0131n\u0131n Siyonist projeye direnme m\u00fccadelesine ve direni\u015fine destek konusundaki a\u00e7\u0131k ve samimi tutumu nedeniyle Suriye liderli\u011fine ve halk\u0131na b\u00fcy\u00fck takdirini ifade etti.<\/p>\n<p style=\"text-align: justify;\">Mezher, 7 Ekim&#8217;in \u0130srail d\u00fc\u015fman\u0131na ve onun g\u00fcvenlik sistemine kar\u015f\u0131 kazan\u0131lan tarihi bir zafer g\u00fcn\u00fc oldu\u011funu kaydederek, u g\u00fcn\u00fcn Filistinlilerin, Araplar\u0131n ve insanl\u0131\u011f\u0131n haf\u0131za ve vicdan\u0131nda kalaca\u011f\u0131n\u0131, \u00e7\u00fcnk\u00fc bu g\u00fcn\u00fcn d\u00fc\u015fman\u0131 yenme ve Filistin halk\u0131n\u0131n zafere ula\u015fma ihtimalini g\u00f6sterdi\u011fini vurgulad\u0131.<\/p>\n<p style=\"text-align: center;\"><strong><a href=\"https:\/\/t.me\/SuriyeArapHaberAjansI\">Telegram Kanal\u0131m\u0131z\u00a0<\/a>||<a href=\"https:\/\/twitter.com\/arap_ajans\">X Platformumuz\u00a0<\/a>||<a href=\"https:\/\/www.facebook.com\/SANAHaberAjansi\/\">Facebook Sayfam\u0131z<\/a><\/strong><\/p>\n","protected":false},"excerpt":{"rendered":"<p>\u015eAM 04 ARALIK (SANA) &#8211; D\u0131\u015fi\u015fleri ve Gurbet\u00e7iler Bakan\u0131 Faysal Mikdad, Cephe Genel Sekreter Yard\u0131mc\u0131s\u0131 Cemil Mezhar ba\u015fkanl\u0131\u011f\u0131ndaki Filistin Halk Kurtulu\u015f Cephesi heyetiyle g\u00f6r\u00fc\u015ft\u00fc. Bakan Mikdad, Suriye&#8217;nin kesinlikle Filistin halk\u0131n\u0131n yan\u0131nda oldu\u011funu ve ba\u015fkenti Kud\u00fcs olan ba\u011f\u0131ms\u0131z bir devlet kurma y\u00f6n\u00fcndeki me\u015fru m\u00fccadelesini yineleyerek, \u0130srail i\u015fgal g\u00fc\u00e7lerinin Filistin halk\u0131na kar\u015f\u0131 y\u00fcr\u00fctt\u00fc\u011f\u00fc imha sava\u015f\u0131n\u0131n ve i\u015fledi\u011fi &hellip;<\/p>\n","protected":false},"author":39,"featured_media":292895,"comment_status":"closed","ping_status":"closed","sticky":false,"template":"","format":"standard","meta":{"footnotes":""},"categories":[479,17988,478],"tags":[40509,38328],"class_list":["post-292894","post","type-post","status-publish","format-standard","has-post-thumbnail","","category-haberler-yerel","category-son-haberler","category-yerel","tag-filistin-halk-kurtulus-cephesi-heyetine-suriyenin-filistin-halkinin-ve-mucadelesinin-kesinlikle-yaninda-oldugunu-yineledi","tag-mikdad"],"_links":{"self":[{"href":"https:\/\/archive.sana.sy\/tr\/index.php?rest_route=\/wp\/v2\/posts\/292894","targetHints":{"allow":["GET"]}}],"collection":[{"href":"https:\/\/archive.sana.sy\/tr\/index.php?rest_route=\/wp\/v2\/posts"}],"about":[{"href":"https:\/\/archive.sana.sy\/tr\/index.php?rest_route=\/wp\/v2\/types\/post"}],"author":[{"embeddable":true,"href":"https:\/\/archive.sana.sy\/tr\/index.php?rest_route=\/wp\/v2\/users\/39"}],"replies":[{"embeddable":true,"href":"https:\/\/archive.sana.sy\/tr\/index.php?rest_route=%2Fwp%2Fv2%2Fcomments&post=292894"}],"version-history":[{"count":5,"href":"https:\/\/archive.sana.sy\/tr\/index.php?rest_route=\/wp\/v2\/posts\/292894\/revisions"}],"predecessor-version":[{"id":292922,"href":"https:\/\/archive.sana.sy\/tr\/index.php?rest_route=\/wp\/v2\/posts\/292894\/revisions\/292922"}],"wp:featuredmedia":[{"embeddable":true,"href":"https:\/\/archive.sana.sy\/tr\/index.php?rest_route=\/wp\/v2\/media\/292895"}],"wp:attachment":[{"href":"https:\/\/archive.sana.sy\/tr\/index.php?rest_route=%2Fwp%2Fv2%2Fmedia&parent=292894"}],"wp:term":[{"taxonomy":"category","embeddable":true,"href":"https:\/\/archive.sana.sy\/tr\/index.php?rest_route=%2Fwp%2Fv2%2Fcategories&post=292894"},{"taxonomy":"post_tag","embeddable":true,"href":"https:\/\/archive.sana.sy\/tr\/index.php?rest_route=%2Fwp%2Fv2%2Ftags&post=292894"}],"curies":[{"name":"wp","href":"https:\/\/api.w.org\/{rel}","templated":true}]}}